{"id":313316,"date":"2025-12-05T12:20:38","date_gmt":"2025-12-05T11:20:38","guid":{"rendered":"https:\/\/www.evearly.news\/fr\/tesla-lance-en-france-sa-model-3-standard-a-36-990-euros\/"},"modified":"2025-12-05T12:20:38","modified_gmt":"2025-12-05T11:20:38","slug":"tesla-lance-en-france-sa-model-3-standard-a-36-990-euros","status":"publish","type":"post","link":"https:\/\/www.evearly.news\/fr\/tesla-lance-en-france-sa-model-3-standard-a-36-990-euros\/","title":{"rendered":"Tesla lance en France sa Model 3 Standard \u00e0 36 990 euros"},"content":{"rendered":"<p><img width=\"1000\" height=\"563\" src=\"https:\/\/www.evearly.news\/fr\/wp-content\/uploads\/sites\/6\/2025\/12\/tesla-lance-en-france-sa-model-3-standard-a-36-990-euros.jpg\" class=\"attachment-post-thumbnail size-post-thumbnail wp-post-image\" alt=\"Tesla Model 3 Standard\" decoding=\"async\" loading=\"lazy\" srcset=\"https:\/\/www.evearly.news\/fr\/wp-content\/uploads\/sites\/6\/2025\/12\/tesla-lance-en-france-sa-model-3-standard-a-36-990-euros.jpg 1000w, https:\/\/www.evearly.news\/fr\/wp-content\/uploads\/sites\/6\/2025\/12\/tesla-lance-en-france-sa-model-3-standard-a-36-990-euros-1.jpg 300w, https:\/\/www.evearly.news\/fr\/wp-content\/uploads\/sites\/6\/2025\/12\/tesla-lance-en-france-sa-model-3-standard-a-36-990-euros-2.jpg 998w, https:\/\/www.avem.fr\/wp-content\/uploads\/2025\/12\/ACTF1205_TM3LC-768x432.jpg 768w\" sizes=\"auto, (max-width: 1000px) 100vw, 1000px\" \/>Les commandes de la Tesla Model 3 Standard sont d\u00e9sormais ouvertes pour de premi\u00e8res livraisons en f\u00e9vrier 2026. \u00a0 La moins ch\u00e8re des Tesla Model 3 Avec son tarif qui d\u00e9marre \u00e0 36 990 euros, cette Model 3 Standard appara\u00eet comme la Tesla la plus abordable en France depuis que [\u2026] <a href=https:\/\/www.avem.fr\/2025\/12\/05\/tesla-lance-en-france-sa-model-3-standard-a-36-990-euros\/ target=blank>Lire la suite&#8230;<\/a><\/p>\n","protected":false},"excerpt":{"rendered":"<p><img decoding=\"async\" width=\"1000\" height=\"563\" src=\"https:\/\/www.evearly.news\/fr\/wp-content\/uploads\/sites\/6\/2025\/12\/tesla-lance-en-france-sa-model-3-standard-a-36-990-euros.jpg\" class=\"attachment-post-thumbnail size-post-thumbnail wp-post-image\" alt=\"Tesla Model 3 Standard\" loading=\"lazy\" \/>Les commandes de la Tesla Model 3 Standard sont d\u00e9sormais ouvertes pour de premi\u00e8res livraisons en f\u00e9vrier 2026. \u00a0 La moins ch\u00e8re des Tesla Model 3 Avec son tarif qui d\u00e9marre \u00e0 36 990 euros, cette Model 3 Standard appara\u00eet comme la Tesla la plus abordable en France depuis que [\u2026] <a class=\"continue-reading-link\" href=\"https:\/\/www.evearly.news\/fr\/tesla-lance-en-france-sa-model-3-standard-a-36-990-euros\/\"><\/a><\/p>\n","protected":false},"author":3,"featured_media":313317,"comment_status":"closed","ping_status":"open","sticky":false,"template":"Default","format":"standard","meta":{"footnotes":""},"categories":[3],"tags":[],"class_list":["post-313316","post","type-post","status-publish","format-standard","has-post-thumbnail","hentry","category-avem"],"_links":{"self":[{"href":"https:\/\/www.evearly.news\/fr\/wp-json\/wp\/v2\/posts\/313316","targetHints":{"allow":["GET"]}}],"collection":[{"href":"https:\/\/www.evearly.news\/fr\/wp-json\/wp\/v2\/posts"}],"about":[{"href":"https:\/\/www.evearly.news\/fr\/wp-json\/wp\/v2\/types\/post"}],"author":[{"embeddable":true,"href":"https:\/\/www.evearly.news\/fr\/wp-json\/wp\/v2\/users\/3"}],"replies":[{"embeddable":true,"href":"https:\/\/www.evearly.news\/fr\/wp-json\/wp\/v2\/comments?post=313316"}],"version-history":[{"count":0,"href":"https:\/\/www.evearly.news\/fr\/wp-json\/wp\/v2\/posts\/313316\/revisions"}],"wp:featuredmedia":[{"embeddable":true,"href":"https:\/\/www.evearly.news\/fr\/wp-json\/wp\/v2\/media\/313317"}],"wp:attachment":[{"href":"https:\/\/www.evearly.news\/fr\/wp-json\/wp\/v2\/media?parent=313316"}],"wp:term":[{"taxonomy":"category","embeddable":true,"href":"https:\/\/www.evearly.news\/fr\/wp-json\/wp\/v2\/categories?post=313316"},{"taxonomy":"post_tag","embeddable":true,"href":"https:\/\/www.evearly.news\/fr\/wp-json\/wp\/v2\/tags?post=313316"}],"curies":[{"name":"wp","href":"https:\/\/api.w.org\/{rel}","templated":true}]}}