{"id":313320,"date":"2025-12-05T13:14:46","date_gmt":"2025-12-05T12:14:46","guid":{"rendered":"https:\/\/www.evearly.news\/fr\/bmw-lance-une-voiture-electrique-sans-compteur-de-vitesse-traditionnel-voici-les-premiers-avis-des-journalistes\/"},"modified":"2025-12-05T13:14:46","modified_gmt":"2025-12-05T12:14:46","slug":"bmw-lance-une-voiture-electrique-sans-compteur-de-vitesse-traditionnel-voici-les-premiers-avis-des-journalistes","status":"publish","type":"post","link":"https:\/\/www.evearly.news\/fr\/bmw-lance-une-voiture-electrique-sans-compteur-de-vitesse-traditionnel-voici-les-premiers-avis-des-journalistes\/","title":{"rendered":"BMW lance une voiture \u00e9lectrique sans compteur de vitesse traditionnel : voici les premiers avis des journalistes"},"content":{"rendered":"<p><img width=\"1200\" height=\"675\" src=\"https:\/\/www.evearly.news\/fr\/wp-content\/uploads\/sites\/6\/2025\/12\/bmw-lance-une-voiture-electrique-sans-compteur-de-vitesse-traditionnel-voici-les-premiers-avis-des-journalistes.jpg\" class=\"attachment-full size-full wp-post-image\" alt=\"\" decoding=\"async\" loading=\"lazy\" \/<br \/>\nR\u00e9cemment d\u00e9voil\u00e9, le BMW iX3 est la premi\u00e8re voiture \u00e9lectrique de la marque \u00e0 ne pas proposer de compteurs. Cela change t-il radicalement la conduite\u00a0? Certains journalistes ont pu l\u2019essayer et voil\u00e0 leur avis.<br \/>\n <a href=https:\/\/www.frandroid.com\/marques\/bmw\/2899761_bmw-lance-une-voiture-electrique-sans-compteur-de-vitesse-traditionnel-voici-les-premiers-avis-des-journalistes target='blank'>Lire la suite&#8230;<\/a><\/p>\n","protected":false},"excerpt":{"rendered":"<p>&lt;img width=&quot;1200&quot; height=&quot;675&quot; src=&quot;https:\/\/www.evearly.news\/fr\/wp-content\/uploads\/sites\/6\/2025\/12\/bmw-lance-une-voiture-electrique-sans-compteur-de-vitesse-traditionnel-voici-les-premiers-avis-des-journalistes.jpg&quot; class=&quot;attachment-full size-full wp-post-image&quot; alt=&quot;&quot; decoding=&quot;async&quot; loading=&quot;lazy&quot; \/<br \/>\nR\u00e9cemment d\u00e9voil\u00e9, le BMW iX3 est la premi\u00e8re voiture \u00e9lectrique de la marque \u00e0 ne pas proposer de compteurs. Cela change t-il radicalement la conduite\u00a0? Certains journalistes ont pu l\u2019essayer et voil\u00e0 leur avis.\n<\/p>\n<p> <a class=\"continue-reading-link\" href=\"https:\/\/www.evearly.news\/fr\/bmw-lance-une-voiture-electrique-sans-compteur-de-vitesse-traditionnel-voici-les-premiers-avis-des-journalistes\/\"><\/a><\/p>\n","protected":false},"author":6,"featured_media":313321,"comment_status":"closed","ping_status":"open","sticky":false,"template":"Default","format":"standard","meta":{"footnotes":""},"categories":[14],"tags":[],"class_list":["post-313320","post","type-post","status-publish","format-standard","has-post-thumbnail","hentry","category-frandroid"],"_links":{"self":[{"href":"https:\/\/www.evearly.news\/fr\/wp-json\/wp\/v2\/posts\/313320","targetHints":{"allow":["GET"]}}],"collection":[{"href":"https:\/\/www.evearly.news\/fr\/wp-json\/wp\/v2\/posts"}],"about":[{"href":"https:\/\/www.evearly.news\/fr\/wp-json\/wp\/v2\/types\/post"}],"author":[{"embeddable":true,"href":"https:\/\/www.evearly.news\/fr\/wp-json\/wp\/v2\/users\/6"}],"replies":[{"embeddable":true,"href":"https:\/\/www.evearly.news\/fr\/wp-json\/wp\/v2\/comments?post=313320"}],"version-history":[{"count":0,"href":"https:\/\/www.evearly.news\/fr\/wp-json\/wp\/v2\/posts\/313320\/revisions"}],"wp:featuredmedia":[{"embeddable":true,"href":"https:\/\/www.evearly.news\/fr\/wp-json\/wp\/v2\/media\/313321"}],"wp:attachment":[{"href":"https:\/\/www.evearly.news\/fr\/wp-json\/wp\/v2\/media?parent=313320"}],"wp:term":[{"taxonomy":"category","embeddable":true,"href":"https:\/\/www.evearly.news\/fr\/wp-json\/wp\/v2\/categories?post=313320"},{"taxonomy":"post_tag","embeddable":true,"href":"https:\/\/www.evearly.news\/fr\/wp-json\/wp\/v2\/tags?post=313320"}],"curies":[{"name":"wp","href":"https:\/\/api.w.org\/{rel}","templated":true}]}}