{"id":313322,"date":"2025-12-05T13:53:04","date_gmt":"2025-12-05T12:53:04","guid":{"rendered":"https:\/\/www.evearly.news\/fr\/cupra-tavascan-une-nouvelle-regle-fiscale-peut-elle-relancer-les-ventes-du-suv-electrique\/"},"modified":"2025-12-05T13:53:04","modified_gmt":"2025-12-05T12:53:04","slug":"cupra-tavascan-une-nouvelle-regle-fiscale-peut-elle-relancer-les-ventes-du-suv-electrique","status":"publish","type":"post","link":"https:\/\/www.evearly.news\/fr\/cupra-tavascan-une-nouvelle-regle-fiscale-peut-elle-relancer-les-ventes-du-suv-electrique\/","title":{"rendered":"Cupra Tavascan : une nouvelle r\u00e8gle fiscale peut-elle relancer les ventes du SUV \u00e9lectrique ?"},"content":{"rendered":"<p><img loading=\"lazy\" decoding=\"async\" width=\"500\" height=\"333\" src=\"https:\/\/www.evearly.news\/fr\/wp-content\/uploads\/sites\/6\/2025\/12\/cupra-tavascan-une-nouvelle-regle-fiscale-peut-elle-relancer-les-ventes-du-suv-electrique.jpg\" class=\"attachment-1200x800 size-1200x800 wp-post-image\" alt=\"\" srcset=\"https:\/\/www.evearly.news\/fr\/wp-content\/uploads\/sites\/6\/2025\/12\/cupra-tavascan-une-nouvelle-regle-fiscale-peut-elle-relancer-les-ventes-du-suv-electrique.jpg 1920w, https:\/\/www.evearly.news\/fr\/wp-content\/uploads\/sites\/6\/2025\/12\/cupra-tavascan-une-nouvelle-regle-fiscale-peut-elle-relancer-les-ventes-du-suv-electrique-1.jpg 1640w, https:\/\/www.evearly.news\/fr\/wp-content\/uploads\/sites\/6\/2025\/12\/cupra-tavascan-une-nouvelle-regle-fiscale-peut-elle-relancer-les-ventes-du-suv-electrique-2.jpg 1024w, https:\/\/www.evearly.news\/fr\/wp-content\/uploads\/sites\/6\/2025\/12\/cupra-tavascan-une-nouvelle-regle-fiscale-peut-elle-relancer-les-ventes-du-suv-electrique-3.jpg 768w, https:\/\/www.evearly.news\/fr\/wp-content\/uploads\/sites\/6\/2025\/12\/cupra-tavascan-une-nouvelle-regle-fiscale-peut-elle-relancer-les-ventes-du-suv-electrique-4.jpg 1536w, https:\/\/cdn.automobile-propre.com\/uploads\/2024\/06\/Cupra-Tavascan-2-620x349.jpg 620w\" sizes=\"auto, (max-width: 1200px) 100vw, 1200px\" \/><br \/>\nLa carri\u00e8re du Cupra Tavascan est handicap\u00e9e par les taxes pr\u00e9vues par la Commission Europ\u00e9enne sur les v\u00e9hicules \u00e9lectriques produits en Chine. Mais une r\u00e9vision de son statut est en cours \u00e0 Bruxelles.\u00a0<a href=https:\/\/www.automobile-propre.com\/breves\/cupra-tavascan-une-nouvelle-regle-fiscale-peut-elle-relancer-les-ventes-du-suv-electrique\/ target='bwindow'>Lire la suite&#8230;<\/a><\/p>\n","protected":false},"excerpt":{"rendered":"<p>&#8230; <a class=\"continue-reading-link\" href=\"https:\/\/www.evearly.news\/fr\/cupra-tavascan-une-nouvelle-regle-fiscale-peut-elle-relancer-les-ventes-du-suv-electrique\/\"><\/a><\/p>\n","protected":false},"author":8,"featured_media":313323,"comment_status":"closed","ping_status":"open","sticky":false,"template":"Default","format":"standard","meta":{"footnotes":""},"categories":[8],"tags":[],"class_list":["post-313322","post","type-post","status-publish","format-standard","has-post-thumbnail","hentry","category-automobile-propre"],"_links":{"self":[{"href":"https:\/\/www.evearly.news\/fr\/wp-json\/wp\/v2\/posts\/313322","targetHints":{"allow":["GET"]}}],"collection":[{"href":"https:\/\/www.evearly.news\/fr\/wp-json\/wp\/v2\/posts"}],"about":[{"href":"https:\/\/www.evearly.news\/fr\/wp-json\/wp\/v2\/types\/post"}],"author":[{"embeddable":true,"href":"https:\/\/www.evearly.news\/fr\/wp-json\/wp\/v2\/users\/8"}],"replies":[{"embeddable":true,"href":"https:\/\/www.evearly.news\/fr\/wp-json\/wp\/v2\/comments?post=313322"}],"version-history":[{"count":0,"href":"https:\/\/www.evearly.news\/fr\/wp-json\/wp\/v2\/posts\/313322\/revisions"}],"wp:featuredmedia":[{"embeddable":true,"href":"https:\/\/www.evearly.news\/fr\/wp-json\/wp\/v2\/media\/313323"}],"wp:attachment":[{"href":"https:\/\/www.evearly.news\/fr\/wp-json\/wp\/v2\/media?parent=313322"}],"wp:term":[{"taxonomy":"category","embeddable":true,"href":"https:\/\/www.evearly.news\/fr\/wp-json\/wp\/v2\/categories?post=313322"},{"taxonomy":"post_tag","embeddable":true,"href":"https:\/\/www.evearly.news\/fr\/wp-json\/wp\/v2\/tags?post=313322"}],"curies":[{"name":"wp","href":"https:\/\/api.w.org\/{rel}","templated":true}]}}