{"id":313334,"date":"2025-12-05T17:14:29","date_gmt":"2025-12-05T16:14:29","guid":{"rendered":"https:\/\/www.evearly.news\/fr\/la-fiabilite-des-batteries-electriques-de-byd-pourrait-sameliorer-grace-a-cette-annonce-ambitieuse\/"},"modified":"2025-12-05T17:14:29","modified_gmt":"2025-12-05T16:14:29","slug":"la-fiabilite-des-batteries-electriques-de-byd-pourrait-sameliorer-grace-a-cette-annonce-ambitieuse","status":"publish","type":"post","link":"https:\/\/www.evearly.news\/fr\/la-fiabilite-des-batteries-electriques-de-byd-pourrait-sameliorer-grace-a-cette-annonce-ambitieuse\/","title":{"rendered":"La fiabilit\u00e9 des batteries \u00e9lectriques de BYD pourrait s\u2019am\u00e9liorer gr\u00e2ce \u00e0 cette annonce ambitieuse"},"content":{"rendered":"<p><img loading=\"lazy\" width=\"1200\" height=\"675\" src=\"https:\/\/www.evearly.news\/fr\/wp-content\/uploads\/sites\/6\/2025\/12\/la-fiabilite-des-batteries-electriques-de-byd-pourrait-sameliorer-grace-a-cette-annonce-ambitieuse.jpg\" class=\"attachment-full size-full wp-post-image\" alt=\"\" decoding=\"async\" \/<br \/>\nBYD intensifie ses standards de production alors que sa fabrication de batteries atteint des sommets historiques. L&rsquo;objectif ? Ne plus avoir aucun d\u00e9faut sur les batteries que l&rsquo;entreprise produit, aussi bien pour les voitures \u00e9lectriques que pour les autres domaines d&rsquo;application.<br \/>\n <a href=https:\/\/www.frandroid.com\/marques\/byd\/2900157_la-fiabilite-des-batteries-electriques-de-byd-pourrait-sameliorer-grace-a-cette-annonce-ambitieuse target='blank'>Lire la suite&#8230;<\/a><\/p>\n","protected":false},"excerpt":{"rendered":"<p>&lt;img width=&quot;1200&quot; height=&quot;675&quot; src=&quot;https:\/\/www.evearly.news\/fr\/wp-content\/uploads\/sites\/6\/2025\/12\/la-fiabilite-des-batteries-electriques-de-byd-pourrait-sameliorer-grace-a-cette-annonce-ambitieuse.jpg&quot; class=&quot;attachment-full size-full wp-post-image&quot; alt=&quot;&quot; decoding=&quot;async&quot; \/<br \/>\nBYD intensifie ses standards de production alors que sa fabrication de batteries atteint des sommets historiques. L&rsquo;objectif ? Ne plus avoir aucun d\u00e9faut sur les batteries que l&rsquo;entreprise produit, aussi bien pour les voitures \u00e9lectriques que pour les autres domaines d&rsquo;application.\n<\/p>\n<p> <a class=\"continue-reading-link\" href=\"https:\/\/www.evearly.news\/fr\/la-fiabilite-des-batteries-electriques-de-byd-pourrait-sameliorer-grace-a-cette-annonce-ambitieuse\/\"><\/a><\/p>\n","protected":false},"author":6,"featured_media":313335,"comment_status":"closed","ping_status":"open","sticky":false,"template":"Default","format":"standard","meta":{"footnotes":""},"categories":[14],"tags":[],"class_list":["post-313334","post","type-post","status-publish","format-standard","has-post-thumbnail","hentry","category-frandroid"],"_links":{"self":[{"href":"https:\/\/www.evearly.news\/fr\/wp-json\/wp\/v2\/posts\/313334","targetHints":{"allow":["GET"]}}],"collection":[{"href":"https:\/\/www.evearly.news\/fr\/wp-json\/wp\/v2\/posts"}],"about":[{"href":"https:\/\/www.evearly.news\/fr\/wp-json\/wp\/v2\/types\/post"}],"author":[{"embeddable":true,"href":"https:\/\/www.evearly.news\/fr\/wp-json\/wp\/v2\/users\/6"}],"replies":[{"embeddable":true,"href":"https:\/\/www.evearly.news\/fr\/wp-json\/wp\/v2\/comments?post=313334"}],"version-history":[{"count":0,"href":"https:\/\/www.evearly.news\/fr\/wp-json\/wp\/v2\/posts\/313334\/revisions"}],"wp:featuredmedia":[{"embeddable":true,"href":"https:\/\/www.evearly.news\/fr\/wp-json\/wp\/v2\/media\/313335"}],"wp:attachment":[{"href":"https:\/\/www.evearly.news\/fr\/wp-json\/wp\/v2\/media?parent=313334"}],"wp:term":[{"taxonomy":"category","embeddable":true,"href":"https:\/\/www.evearly.news\/fr\/wp-json\/wp\/v2\/categories?post=313334"},{"taxonomy":"post_tag","embeddable":true,"href":"https:\/\/www.evearly.news\/fr\/wp-json\/wp\/v2\/tags?post=313334"}],"curies":[{"name":"wp","href":"https:\/\/api.w.org\/{rel}","templated":true}]}}