{"id":313340,"date":"2025-12-05T18:52:06","date_gmt":"2025-12-05T17:52:06","guid":{"rendered":"https:\/\/www.evearly.news\/fr\/r5-clio-avenir-de-lelectrique-le-patron-de-renault-france-se-confie\/"},"modified":"2025-12-05T18:52:06","modified_gmt":"2025-12-05T17:52:06","slug":"r5-clio-avenir-de-lelectrique-le-patron-de-renault-france-se-confie","status":"publish","type":"post","link":"https:\/\/www.evearly.news\/fr\/r5-clio-avenir-de-lelectrique-le-patron-de-renault-france-se-confie\/","title":{"rendered":"R5, Clio, avenir de l\u2019\u00e9lectrique\u2026 Le patron de Renault France se confie"},"content":{"rendered":"<p><img decoding=\"async\" width=\"500\" height=\"333\" src=\"https:\/\/www.evearly.news\/fr\/wp-content\/uploads\/sites\/6\/2025\/12\/r5-clio-avenir-de-lelectrique-le-patron-de-renault-france-se-confie.jpg\" class=\"attachment-1200x800 size-1200x800 wp-post-image\" alt=\"\" loading=\"lazy\" srcset=\"https:\/\/www.evearly.news\/fr\/wp-content\/uploads\/sites\/6\/2025\/12\/r5-clio-avenir-de-lelectrique-le-patron-de-renault-france-se-confie.jpg 1920w, https:\/\/www.evearly.news\/fr\/wp-content\/uploads\/sites\/6\/2025\/12\/r5-clio-avenir-de-lelectrique-le-patron-de-renault-france-se-confie-1.jpg 1640w, https:\/\/www.evearly.news\/fr\/wp-content\/uploads\/sites\/6\/2025\/12\/r5-clio-avenir-de-lelectrique-le-patron-de-renault-france-se-confie-2.jpg 1024w, https:\/\/www.evearly.news\/fr\/wp-content\/uploads\/sites\/6\/2025\/12\/r5-clio-avenir-de-lelectrique-le-patron-de-renault-france-se-confie-3.jpg 768w, https:\/\/www.evearly.news\/fr\/wp-content\/uploads\/sites\/6\/2025\/12\/r5-clio-avenir-de-lelectrique-le-patron-de-renault-france-se-confie-4.jpg 1536w, https:\/\/www.evearly.news\/fr\/wp-content\/uploads\/sites\/6\/2025\/12\/r5-clio-avenir-de-lelectrique-le-patron-de-renault-france-se-confie-5.jpg 700w, https:\/\/cdn.automobile-propre.com\/uploads\/2025\/11\/Renault-Twingo-4-2026-citadine-electrique-9-960x540.jpg 960w\" sizes=\"auto, (max-width: 1200px) 100vw, 1200px\" \/><br \/>\nArriv\u00e9 \u00e0 la t\u00eate de Renault France il y a un an, Guillaume Sicard dresse pour Automobile Propre le bilan\u2026\u00a0<a href=https:\/\/www.automobile-propre.com\/articles\/r5-clio-avenir-de-lelectrique-le-patron-de-renault-france-se-confie\/ target='bwindow'>Lire la suite&#8230;<\/a><\/p>\n","protected":false},"excerpt":{"rendered":"<p>&#8230; <a class=\"continue-reading-link\" href=\"https:\/\/www.evearly.news\/fr\/r5-clio-avenir-de-lelectrique-le-patron-de-renault-france-se-confie\/\"><\/a><\/p>\n","protected":false},"author":8,"featured_media":313341,"comment_status":"closed","ping_status":"open","sticky":false,"template":"Default","format":"standard","meta":{"footnotes":""},"categories":[8],"tags":[],"class_list":["post-313340","post","type-post","status-publish","format-standard","has-post-thumbnail","hentry","category-automobile-propre"],"_links":{"self":[{"href":"https:\/\/www.evearly.news\/fr\/wp-json\/wp\/v2\/posts\/313340","targetHints":{"allow":["GET"]}}],"collection":[{"href":"https:\/\/www.evearly.news\/fr\/wp-json\/wp\/v2\/posts"}],"about":[{"href":"https:\/\/www.evearly.news\/fr\/wp-json\/wp\/v2\/types\/post"}],"author":[{"embeddable":true,"href":"https:\/\/www.evearly.news\/fr\/wp-json\/wp\/v2\/users\/8"}],"replies":[{"embeddable":true,"href":"https:\/\/www.evearly.news\/fr\/wp-json\/wp\/v2\/comments?post=313340"}],"version-history":[{"count":0,"href":"https:\/\/www.evearly.news\/fr\/wp-json\/wp\/v2\/posts\/313340\/revisions"}],"wp:featuredmedia":[{"embeddable":true,"href":"https:\/\/www.evearly.news\/fr\/wp-json\/wp\/v2\/media\/313341"}],"wp:attachment":[{"href":"https:\/\/www.evearly.news\/fr\/wp-json\/wp\/v2\/media?parent=313340"}],"wp:term":[{"taxonomy":"category","embeddable":true,"href":"https:\/\/www.evearly.news\/fr\/wp-json\/wp\/v2\/categories?post=313340"},{"taxonomy":"post_tag","embeddable":true,"href":"https:\/\/www.evearly.news\/fr\/wp-json\/wp\/v2\/tags?post=313340"}],"curies":[{"name":"wp","href":"https:\/\/api.w.org\/{rel}","templated":true}]}}