{"id":313414,"date":"2025-12-08T00:44:24","date_gmt":"2025-12-07T23:44:24","guid":{"rendered":"https:\/\/www.evearly.news\/fr\/voici-la-nouvelle-glb-electrique-et-hybride-de-mercedes-7-places-et-taillee-pour-les-departs-en-vacances\/"},"modified":"2025-12-08T08:41:13","modified_gmt":"2025-12-08T07:41:13","slug":"voici-la-nouvelle-glb-electrique-et-hybride-de-mercedes-7-places-et-taillee-pour-les-departs-en-vacances","status":"publish","type":"post","link":"https:\/\/www.evearly.news\/fr\/voici-la-nouvelle-glb-electrique-et-hybride-de-mercedes-7-places-et-taillee-pour-les-departs-en-vacances\/","title":{"rendered":"Voici la nouvelle GLB \u00e9lectrique et hybride de Mercedes : 7 places et taill\u00e9e pour les d\u00e9parts en vacances"},"content":{"rendered":"<p><img decoding=\"async\" src=\"https:\/\/c0.lestechnophiles.com\/images.frandroid.com\/wp-content\/uploads\/2025\/12\/mercedes-glb-electrique-00009.jpg?resize=1200&amp;key=2f828803&amp;watermark\" \/><br \/>\nMercedes-Benz d\u00e9voile le nouveau GLB, \u00e9lectrique et hybride. Un SUV compact familial disponible en 5 ou 7 places pour viser frontalement les amateurs de Tesla Model Y. Avec jusqu&rsquo;\u00e0 631 km d&rsquo;autonomie et une recharge rapide, les gros rouleurs habitu\u00e9s au diesel l&rsquo;appr\u00e9cieront.<br \/>\n<a href=\"https:\/\/www.frandroid.com\/marques\/mercedes-benz\/2900591_voici-la-nouvelle-glb-electrique-et-hybride-de-mercedes-7-places-et-taillee-pour-les-departs-en-vacances\" target=\"blank\">Lire la suite&#8230;<\/a><\/p>\n","protected":false},"excerpt":{"rendered":"<p>&lt;p<br \/>\nMercedes-Benz d\u00e9voile le nouveau GLB, \u00e9lectrique et hybride. Un SUV compact familial disponible en 5 ou 7 places pour viser frontalement les amateurs de Tesla Model Y. Avec jusqu&rsquo;\u00e0 631 km d&rsquo;autonomie et une recharge rapide, les gros rouleurs habitu\u00e9s au diesel l&rsquo;appr\u00e9cieront.\n<\/p>\n<p> <a class=\"continue-reading-link\" href=\"https:\/\/www.evearly.news\/fr\/voici-la-nouvelle-glb-electrique-et-hybride-de-mercedes-7-places-et-taillee-pour-les-departs-en-vacances\/\"><\/a><\/p>\n","protected":false},"author":6,"featured_media":0,"comment_status":"closed","ping_status":"open","sticky":false,"template":"Default","format":"standard","meta":{"footnotes":""},"categories":[14],"tags":[],"class_list":["post-313414","post","type-post","status-publish","format-standard","hentry","category-frandroid"],"_links":{"self":[{"href":"https:\/\/www.evearly.news\/fr\/wp-json\/wp\/v2\/posts\/313414","targetHints":{"allow":["GET"]}}],"collection":[{"href":"https:\/\/www.evearly.news\/fr\/wp-json\/wp\/v2\/posts"}],"about":[{"href":"https:\/\/www.evearly.news\/fr\/wp-json\/wp\/v2\/types\/post"}],"author":[{"embeddable":true,"href":"https:\/\/www.evearly.news\/fr\/wp-json\/wp\/v2\/users\/6"}],"replies":[{"embeddable":true,"href":"https:\/\/www.evearly.news\/fr\/wp-json\/wp\/v2\/comments?post=313414"}],"version-history":[{"count":1,"href":"https:\/\/www.evearly.news\/fr\/wp-json\/wp\/v2\/posts\/313414\/revisions"}],"predecessor-version":[{"id":313419,"href":"https:\/\/www.evearly.news\/fr\/wp-json\/wp\/v2\/posts\/313414\/revisions\/313419"}],"wp:attachment":[{"href":"https:\/\/www.evearly.news\/fr\/wp-json\/wp\/v2\/media?parent=313414"}],"wp:term":[{"taxonomy":"category","embeddable":true,"href":"https:\/\/www.evearly.news\/fr\/wp-json\/wp\/v2\/categories?post=313414"},{"taxonomy":"post_tag","embeddable":true,"href":"https:\/\/www.evearly.news\/fr\/wp-json\/wp\/v2\/tags?post=313414"}],"curies":[{"name":"wp","href":"https:\/\/api.w.org\/{rel}","templated":true}]}}