{"id":313415,"date":"2025-12-08T00:50:04","date_gmt":"2025-12-07T23:50:04","guid":{"rendered":"https:\/\/www.evearly.news\/fr\/mercedes-glb-rencontre-avec-la-deuxieme-generation-du-suv-compact-a-7-places-a-la-fois-hybride-et-electrique\/"},"modified":"2025-12-08T00:50:04","modified_gmt":"2025-12-07T23:50:04","slug":"mercedes-glb-rencontre-avec-la-deuxieme-generation-du-suv-compact-a-7-places-a-la-fois-hybride-et-electrique","status":"publish","type":"post","link":"https:\/\/www.evearly.news\/fr\/mercedes-glb-rencontre-avec-la-deuxieme-generation-du-suv-compact-a-7-places-a-la-fois-hybride-et-electrique\/","title":{"rendered":"Mercedes GLB : rencontre avec la deuxi\u00e8me g\u00e9n\u00e9ration du SUV compact \u00e0 7 places, \u00e0 la fois hybride et \u00e9lectrique !"},"content":{"rendered":"<p><img decoding=\"async\" src=\"https:\/\/www.evearly.news\/fr\/wp-content\/uploads\/sites\/6\/2025\/12\/mercedes-glb-rencontre-avec-la-deuxieme-generation-du-suv-compact-a-7-places-a-la-fois-hybride-et-electrique.webp\" alt=\"auto-moto\"><br \/>Engag\u00e9 dans une transformation importante pour ses mod\u00e8les les plus compacts, Mercedes d\u00e9voile peu \u00e0 peu les membres de cette famille. Apr\u00e8s les CLA et CLA Shooting Brake, voici le Mercedes GLB, un SUV cubique \u00e0 sept places proposant \u00e0 la fois des motorisations hybrides et \u00e9lectriques gr\u00e2ce \u00e0 sa nouvelle plateforme. <a href=https:\/\/www.auto-moto.com\/mercedes-glb-a-bord-de-66832 target=blank>Lire la suite&#8230;<\/a><\/p>\n","protected":false},"excerpt":{"rendered":"<p>Engag\u00e9 dans une transformation importante pour ses mod\u00e8les les plus compacts, Mercedes d\u00e9voile peu \u00e0 peu les membres de cette famille. Apr\u00e8s les CLA et CLA Shooting Brake, voici le Mercedes GLB, un SUV cubique \u00e0 sept places proposant \u00e0 la fois des motorisations hybrides et \u00e9lectriques gr\u00e2ce \u00e0 sa nouvelle&#8230; <a class=\"continue-reading-link\" href=\"https:\/\/www.evearly.news\/fr\/mercedes-glb-rencontre-avec-la-deuxieme-generation-du-suv-compact-a-7-places-a-la-fois-hybride-et-electrique\/\"><\/a><\/p>\n","protected":false},"author":9,"featured_media":313416,"comment_status":"closed","ping_status":"open","sticky":false,"template":"Default","format":"standard","meta":{"footnotes":""},"categories":[10],"tags":[],"class_list":["post-313415","post","type-post","status-publish","format-standard","has-post-thumbnail","hentry","category-auto-moto-com"],"_links":{"self":[{"href":"https:\/\/www.evearly.news\/fr\/wp-json\/wp\/v2\/posts\/313415","targetHints":{"allow":["GET"]}}],"collection":[{"href":"https:\/\/www.evearly.news\/fr\/wp-json\/wp\/v2\/posts"}],"about":[{"href":"https:\/\/www.evearly.news\/fr\/wp-json\/wp\/v2\/types\/post"}],"author":[{"embeddable":true,"href":"https:\/\/www.evearly.news\/fr\/wp-json\/wp\/v2\/users\/9"}],"replies":[{"embeddable":true,"href":"https:\/\/www.evearly.news\/fr\/wp-json\/wp\/v2\/comments?post=313415"}],"version-history":[{"count":0,"href":"https:\/\/www.evearly.news\/fr\/wp-json\/wp\/v2\/posts\/313415\/revisions"}],"wp:featuredmedia":[{"embeddable":true,"href":"https:\/\/www.evearly.news\/fr\/wp-json\/wp\/v2\/media\/313416"}],"wp:attachment":[{"href":"https:\/\/www.evearly.news\/fr\/wp-json\/wp\/v2\/media?parent=313415"}],"wp:term":[{"taxonomy":"category","embeddable":true,"href":"https:\/\/www.evearly.news\/fr\/wp-json\/wp\/v2\/categories?post=313415"},{"taxonomy":"post_tag","embeddable":true,"href":"https:\/\/www.evearly.news\/fr\/wp-json\/wp\/v2\/tags?post=313415"}],"curies":[{"name":"wp","href":"https:\/\/api.w.org\/{rel}","templated":true}]}}