{"id":313538,"date":"2025-12-09T21:54:42","date_gmt":"2025-12-09T20:54:42","guid":{"rendered":"https:\/\/www.evearly.news\/fr\/citroen-et-decathlon-presentent-une-voiture-electrique-unique-comme-un-air-de-multipla-mais-encore-plus-pratique\/"},"modified":"2025-12-09T21:54:42","modified_gmt":"2025-12-09T20:54:42","slug":"citroen-et-decathlon-presentent-une-voiture-electrique-unique-comme-un-air-de-multipla-mais-encore-plus-pratique","status":"publish","type":"post","link":"https:\/\/www.evearly.news\/fr\/citroen-et-decathlon-presentent-une-voiture-electrique-unique-comme-un-air-de-multipla-mais-encore-plus-pratique\/","title":{"rendered":"Citro\u00ebn et Decathlon pr\u00e9sentent une voiture \u00e9lectrique unique : comme un air de Multipla, mais encore plus pratique"},"content":{"rendered":"<p><img width=\"1200\" height=\"675\" src=\"https:\/\/www.evearly.news\/fr\/wp-content\/uploads\/sites\/6\/2025\/12\/citroen-et-decathlon-presentent-une-voiture-electrique-unique-comme-un-air-de-multipla-mais-encore-plus-pratique.jpg\" class=\"attachment-full size-full wp-post-image\" alt=\"\" decoding=\"async\" loading=\"lazy\" \/<br \/>\nApr\u00e8s Oli, voici Elo, le nouveau concept-car de Citro\u00ebn. Avec 6 passagers dans la longueur d\u2019une C3 et des astuces con\u00e7ues avec Decathlon, cette voiture \u00e9lectrique vient pr\u00e9senter la vision du futur de la marque.<br \/>\n <a href=https:\/\/www.frandroid.com\/marques\/citroen\/2897957_citroen-et-decathlon-presentent-une-voiture-electrique-unique-comme-un-air-de-multipla-mais-encore-plus-pratique target='blank'>Lire la suite&#8230;<\/a><\/p>\n","protected":false},"excerpt":{"rendered":"<p>&lt;img width=&quot;1200&quot; height=&quot;675&quot; src=&quot;https:\/\/www.evearly.news\/fr\/wp-content\/uploads\/sites\/6\/2025\/12\/citroen-et-decathlon-presentent-une-voiture-electrique-unique-comme-un-air-de-multipla-mais-encore-plus-pratique.jpg&quot; class=&quot;attachment-full size-full wp-post-image&quot; alt=&quot;&quot; decoding=&quot;async&quot; loading=&quot;lazy&quot; \/<br \/>\nApr\u00e8s Oli, voici Elo, le nouveau concept-car de Citro\u00ebn. Avec 6 passagers dans la longueur d\u2019une C3 et des astuces con\u00e7ues avec Decathlon, cette voiture \u00e9lectrique vient pr\u00e9senter la vision du futur de la marque.\n<\/p>\n<p> <a class=\"continue-reading-link\" href=\"https:\/\/www.evearly.news\/fr\/citroen-et-decathlon-presentent-une-voiture-electrique-unique-comme-un-air-de-multipla-mais-encore-plus-pratique\/\"><\/a><\/p>\n","protected":false},"author":6,"featured_media":313539,"comment_status":"closed","ping_status":"open","sticky":false,"template":"Default","format":"standard","meta":{"footnotes":""},"categories":[14],"tags":[],"class_list":["post-313538","post","type-post","status-publish","format-standard","has-post-thumbnail","hentry","category-frandroid"],"_links":{"self":[{"href":"https:\/\/www.evearly.news\/fr\/wp-json\/wp\/v2\/posts\/313538","targetHints":{"allow":["GET"]}}],"collection":[{"href":"https:\/\/www.evearly.news\/fr\/wp-json\/wp\/v2\/posts"}],"about":[{"href":"https:\/\/www.evearly.news\/fr\/wp-json\/wp\/v2\/types\/post"}],"author":[{"embeddable":true,"href":"https:\/\/www.evearly.news\/fr\/wp-json\/wp\/v2\/users\/6"}],"replies":[{"embeddable":true,"href":"https:\/\/www.evearly.news\/fr\/wp-json\/wp\/v2\/comments?post=313538"}],"version-history":[{"count":0,"href":"https:\/\/www.evearly.news\/fr\/wp-json\/wp\/v2\/posts\/313538\/revisions"}],"wp:featuredmedia":[{"embeddable":true,"href":"https:\/\/www.evearly.news\/fr\/wp-json\/wp\/v2\/media\/313539"}],"wp:attachment":[{"href":"https:\/\/www.evearly.news\/fr\/wp-json\/wp\/v2\/media?parent=313538"}],"wp:term":[{"taxonomy":"category","embeddable":true,"href":"https:\/\/www.evearly.news\/fr\/wp-json\/wp\/v2\/categories?post=313538"},{"taxonomy":"post_tag","embeddable":true,"href":"https:\/\/www.evearly.news\/fr\/wp-json\/wp\/v2\/tags?post=313538"}],"curies":[{"name":"wp","href":"https:\/\/api.w.org\/{rel}","templated":true}]}}