{"id":313540,"date":"2025-12-09T22:24:44","date_gmt":"2025-12-09T21:24:44","guid":{"rendered":"https:\/\/www.evearly.news\/fr\/313540-2\/"},"modified":"2025-12-23T12:37:15","modified_gmt":"2025-12-23T11:37:15","slug":"313540-2","status":"publish","type":"post","link":"https:\/\/www.evearly.news\/fr\/313540-2\/","title":{"rendered":"Ford s\u2019allie \u00e0 Renault pour compl\u00e9ter son offre de v\u00e9hicules \u00e9lectriques"},"content":{"rendered":"<p><img loading=\"lazy\" decoding=\"async\" class=\"entry-thumb\" title=\"Jim Farley Fran\u00e7ois Provost\" src=\"https:\/\/www.evearly.news\/fr\/wp-content\/uploads\/sites\/6\/2025\/12\/jim-farley-francois-provost.jpg\" alt=\"Jim Farley Fran\u00e7ois Provost\" width=\"650\" height=\"430\" \/><br \/>\nFord signe un accord industriel avec Renault afin de fabriquer des petits v\u00e9hicules \u00e9lectriques sur la base des R4 et R5, avec l&rsquo;intention de collaborer aussi sur l&rsquo;utilitaire. <a href=\"https:\/\/www.flotauto.com\/ford-renault-alliance\/\" target=\"bwindow\">Lire la suite&#8230;<\/a><\/p>\n","protected":false},"excerpt":{"rendered":"<p>Ford signe un accord industriel avec Renault afin de fabriquer des petits v\u00e9hicules \u00e9lectriques sur la base des R4 et R5, avec l&rsquo;intention de collaborer aussi sur l&rsquo;utilitaire&#8230;. <a class=\"continue-reading-link\" href=\"https:\/\/www.evearly.news\/fr\/313540-2\/\"><\/a><\/p>\n","protected":false},"author":35,"featured_media":313541,"comment_status":"closed","ping_status":"open","sticky":false,"template":"Default","format":"standard","meta":{"footnotes":""},"categories":[179],"tags":[],"class_list":["post-313540","post","type-post","status-publish","format-standard","has-post-thumbnail","hentry","category-flotauto-com"],"_links":{"self":[{"href":"https:\/\/www.evearly.news\/fr\/wp-json\/wp\/v2\/posts\/313540","targetHints":{"allow":["GET"]}}],"collection":[{"href":"https:\/\/www.evearly.news\/fr\/wp-json\/wp\/v2\/posts"}],"about":[{"href":"https:\/\/www.evearly.news\/fr\/wp-json\/wp\/v2\/types\/post"}],"author":[{"embeddable":true,"href":"https:\/\/www.evearly.news\/fr\/wp-json\/wp\/v2\/users\/35"}],"replies":[{"embeddable":true,"href":"https:\/\/www.evearly.news\/fr\/wp-json\/wp\/v2\/comments?post=313540"}],"version-history":[{"count":1,"href":"https:\/\/www.evearly.news\/fr\/wp-json\/wp\/v2\/posts\/313540\/revisions"}],"predecessor-version":[{"id":314314,"href":"https:\/\/www.evearly.news\/fr\/wp-json\/wp\/v2\/posts\/313540\/revisions\/314314"}],"wp:featuredmedia":[{"embeddable":true,"href":"https:\/\/www.evearly.news\/fr\/wp-json\/wp\/v2\/media\/313541"}],"wp:attachment":[{"href":"https:\/\/www.evearly.news\/fr\/wp-json\/wp\/v2\/media?parent=313540"}],"wp:term":[{"taxonomy":"category","embeddable":true,"href":"https:\/\/www.evearly.news\/fr\/wp-json\/wp\/v2\/categories?post=313540"},{"taxonomy":"post_tag","embeddable":true,"href":"https:\/\/www.evearly.news\/fr\/wp-json\/wp\/v2\/tags?post=313540"}],"curies":[{"name":"wp","href":"https:\/\/api.w.org\/{rel}","templated":true}]}}