{"id":313542,"date":"2025-12-09T23:41:49","date_gmt":"2025-12-09T22:41:49","guid":{"rendered":"https:\/\/www.evearly.news\/fr\/stellantis-et-bolt-vont-collaborer-pour-deployer-des-vehicules-autonomes-en-europe\/"},"modified":"2025-12-09T23:41:49","modified_gmt":"2025-12-09T22:41:49","slug":"stellantis-et-bolt-vont-collaborer-pour-deployer-des-vehicules-autonomes-en-europe","status":"publish","type":"post","link":"https:\/\/www.evearly.news\/fr\/stellantis-et-bolt-vont-collaborer-pour-deployer-des-vehicules-autonomes-en-europe\/","title":{"rendered":"Stellantis et Bolt vont collaborer pour d\u00e9ployer des v\u00e9hicules autonomes en Europe"},"content":{"rendered":"<p><img loading=\"lazy\" decoding=\"async\" width=\"500\" height=\"333\" src=\"https:\/\/www.evearly.news\/fr\/wp-content\/uploads\/sites\/6\/2025\/12\/stellantis-et-bolt-vont-collaborer-pour-deployer-des-vehicules-autonomes-en-europe.jpg\" class=\"attachment-1200x800 size-1200x800 wp-post-image\" alt=\"\" srcset=\"https:\/\/www.evearly.news\/fr\/wp-content\/uploads\/sites\/6\/2025\/12\/stellantis-et-bolt-vont-collaborer-pour-deployer-des-vehicules-autonomes-en-europe.jpg 1170w, https:\/\/www.evearly.news\/fr\/wp-content\/uploads\/sites\/6\/2025\/12\/stellantis-et-bolt-vont-collaborer-pour-deployer-des-vehicules-autonomes-en-europe-1.jpg 1024w, https:\/\/www.evearly.news\/fr\/wp-content\/uploads\/sites\/6\/2025\/12\/stellantis-et-bolt-vont-collaborer-pour-deployer-des-vehicules-autonomes-en-europe-2.jpg 768w, https:\/\/www.evearly.news\/fr\/wp-content\/uploads\/sites\/6\/2025\/12\/stellantis-et-bolt-vont-collaborer-pour-deployer-des-vehicules-autonomes-en-europe-3.jpg 700w, https:\/\/cdn.automobile-propre.com\/uploads\/2025\/12\/ebeb2c5bfca8b98b014d26acd546f70c40a36479-960x607.jpeg 960w\" sizes=\"auto, (max-width: 1170px) 100vw, 1170px\" \/><br \/>\nStellantis et Bolt viennent d&rsquo;annoncer un nouveau partenariat dans le cadre duquel ils pr\u00e9voient d&rsquo;unir leurs forces dans l&rsquo;objectif d&rsquo;acc\u00e9l\u00e9rer l&rsquo;adoption de la conduite autonome de niveau 4 sur le sol europ\u00e9en.\u00a0<a href=https:\/\/www.automobile-propre.com\/breves\/stellantis-et-bolt-vont-collaborer-pour-deployer-des-vehicules-autonomes-en-europe\/ target='bwindow'>Lire la suite&#8230;<\/a><\/p>\n","protected":false},"excerpt":{"rendered":"<p>&#8230; <a class=\"continue-reading-link\" href=\"https:\/\/www.evearly.news\/fr\/stellantis-et-bolt-vont-collaborer-pour-deployer-des-vehicules-autonomes-en-europe\/\"><\/a><\/p>\n","protected":false},"author":8,"featured_media":313543,"comment_status":"closed","ping_status":"open","sticky":false,"template":"Default","format":"standard","meta":{"footnotes":""},"categories":[8],"tags":[],"class_list":["post-313542","post","type-post","status-publish","format-standard","has-post-thumbnail","hentry","category-automobile-propre"],"_links":{"self":[{"href":"https:\/\/www.evearly.news\/fr\/wp-json\/wp\/v2\/posts\/313542","targetHints":{"allow":["GET"]}}],"collection":[{"href":"https:\/\/www.evearly.news\/fr\/wp-json\/wp\/v2\/posts"}],"about":[{"href":"https:\/\/www.evearly.news\/fr\/wp-json\/wp\/v2\/types\/post"}],"author":[{"embeddable":true,"href":"https:\/\/www.evearly.news\/fr\/wp-json\/wp\/v2\/users\/8"}],"replies":[{"embeddable":true,"href":"https:\/\/www.evearly.news\/fr\/wp-json\/wp\/v2\/comments?post=313542"}],"version-history":[{"count":0,"href":"https:\/\/www.evearly.news\/fr\/wp-json\/wp\/v2\/posts\/313542\/revisions"}],"wp:featuredmedia":[{"embeddable":true,"href":"https:\/\/www.evearly.news\/fr\/wp-json\/wp\/v2\/media\/313543"}],"wp:attachment":[{"href":"https:\/\/www.evearly.news\/fr\/wp-json\/wp\/v2\/media?parent=313542"}],"wp:term":[{"taxonomy":"category","embeddable":true,"href":"https:\/\/www.evearly.news\/fr\/wp-json\/wp\/v2\/categories?post=313542"},{"taxonomy":"post_tag","embeddable":true,"href":"https:\/\/www.evearly.news\/fr\/wp-json\/wp\/v2\/tags?post=313542"}],"curies":[{"name":"wp","href":"https:\/\/api.w.org\/{rel}","templated":true}]}}