{"id":313568,"date":"2025-12-10T18:56:45","date_gmt":"2025-12-10T17:56:45","guid":{"rendered":"https:\/\/www.evearly.news\/fr\/lancement-dun-soutien-financier-a-lelectrification-des-engins-agricoles\/"},"modified":"2025-12-10T18:56:45","modified_gmt":"2025-12-10T17:56:45","slug":"lancement-dun-soutien-financier-a-lelectrification-des-engins-agricoles","status":"publish","type":"post","link":"https:\/\/www.evearly.news\/fr\/lancement-dun-soutien-financier-a-lelectrification-des-engins-agricoles\/","title":{"rendered":"Lancement d\u2019un soutien financier \u00e0 l\u2019\u00e9lectrification des engins agricoles"},"content":{"rendered":"<p><img width=\"1000\" height=\"563\" src=\"https:\/\/www.evearly.news\/fr\/wp-content\/uploads\/sites\/6\/2025\/12\/lancement-dun-soutien-financier-a-lelectrification-des-engins-agricoles.jpg\" class=\"attachment-post-thumbnail size-post-thumbnail wp-post-image\" alt=\"Lancement d'un soutien \u00e0 l'\u00e9lectrification des engins agricoles\" decoding=\"async\" loading=\"lazy\" srcset=\"https:\/\/www.evearly.news\/fr\/wp-content\/uploads\/sites\/6\/2025\/12\/lancement-dun-soutien-financier-a-lelectrification-des-engins-agricoles.jpg 1000w, https:\/\/www.evearly.news\/fr\/wp-content\/uploads\/sites\/6\/2025\/12\/lancement-dun-soutien-financier-a-lelectrification-des-engins-agricoles-1.jpg 300w, https:\/\/www.evearly.news\/fr\/wp-content\/uploads\/sites\/6\/2025\/12\/lancement-dun-soutien-financier-a-lelectrification-des-engins-agricoles-2.jpg 998w, https:\/\/www.avem.fr\/wp-content\/uploads\/2025\/12\/Image-article-1000x563-1-768x432.jpg 768w\" sizes=\"auto, (max-width: 1000px) 100vw, 1000px\" \/>L\u2019ADEME vient de lancer, le 9 d\u00e9cembre 2025, un nouveau financement destin\u00e9 \u00e0 soutenir l\u2019\u00e9lectrification des engins agricoles non routiers dans le cadre du programme CEE E-Trans. Cette premi\u00e8re phase de financement est ouverte jusqu\u2019au 31 d\u00e9cembre 2025. Une seconde phase devrait \u00eatre initi\u00e9e en 2026. Objectifs du dispositif Ce [\u2026] <a href=https:\/\/www.avem.fr\/2025\/12\/10\/lancement-dun-soutien-financier-a-lelectrification-des-engins-agricoles\/ target=blank>Lire la suite&#8230;<\/a><\/p>\n","protected":false},"excerpt":{"rendered":"<p><img decoding=\"async\" width=\"1000\" height=\"563\" src=\"https:\/\/www.evearly.news\/fr\/wp-content\/uploads\/sites\/6\/2025\/12\/lancement-dun-soutien-financier-a-lelectrification-des-engins-agricoles.jpg\" class=\"attachment-post-thumbnail size-post-thumbnail wp-post-image\" alt=\"Lancement d'un soutien \u00e0 l'\u00e9lectrification des engins agricoles\" loading=\"lazy\" \/>L\u2019ADEME vient de lancer, le 9 d\u00e9cembre 2025, un nouveau financement destin\u00e9 \u00e0 soutenir l\u2019\u00e9lectrification des engins agricoles non routiers dans le cadre du programme CEE E-Trans. Cette premi\u00e8re phase de financement est ouverte jusqu\u2019au 31 d\u00e9cembre 2025. Une seconde phase devrait \u00eatre initi\u00e9e en 2026. Objectifs du dispositif Ce [\u2026] <a class=\"continue-reading-link\" href=\"https:\/\/www.evearly.news\/fr\/lancement-dun-soutien-financier-a-lelectrification-des-engins-agricoles\/\"><\/a><\/p>\n","protected":false},"author":3,"featured_media":313569,"comment_status":"closed","ping_status":"open","sticky":false,"template":"Default","format":"standard","meta":{"footnotes":""},"categories":[3],"tags":[],"class_list":["post-313568","post","type-post","status-publish","format-standard","has-post-thumbnail","hentry","category-avem"],"_links":{"self":[{"href":"https:\/\/www.evearly.news\/fr\/wp-json\/wp\/v2\/posts\/313568","targetHints":{"allow":["GET"]}}],"collection":[{"href":"https:\/\/www.evearly.news\/fr\/wp-json\/wp\/v2\/posts"}],"about":[{"href":"https:\/\/www.evearly.news\/fr\/wp-json\/wp\/v2\/types\/post"}],"author":[{"embeddable":true,"href":"https:\/\/www.evearly.news\/fr\/wp-json\/wp\/v2\/users\/3"}],"replies":[{"embeddable":true,"href":"https:\/\/www.evearly.news\/fr\/wp-json\/wp\/v2\/comments?post=313568"}],"version-history":[{"count":0,"href":"https:\/\/www.evearly.news\/fr\/wp-json\/wp\/v2\/posts\/313568\/revisions"}],"wp:featuredmedia":[{"embeddable":true,"href":"https:\/\/www.evearly.news\/fr\/wp-json\/wp\/v2\/media\/313569"}],"wp:attachment":[{"href":"https:\/\/www.evearly.news\/fr\/wp-json\/wp\/v2\/media?parent=313568"}],"wp:term":[{"taxonomy":"category","embeddable":true,"href":"https:\/\/www.evearly.news\/fr\/wp-json\/wp\/v2\/categories?post=313568"},{"taxonomy":"post_tag","embeddable":true,"href":"https:\/\/www.evearly.news\/fr\/wp-json\/wp\/v2\/tags?post=313568"}],"curies":[{"name":"wp","href":"https:\/\/api.w.org\/{rel}","templated":true}]}}