{"id":313576,"date":"2025-12-10T20:25:25","date_gmt":"2025-12-10T19:25:25","guid":{"rendered":"https:\/\/www.evearly.news\/fr\/nouvelle-opel-astra-infos-et-photos-de-la-version-restylee-pour-2026\/"},"modified":"2025-12-10T20:25:25","modified_gmt":"2025-12-10T19:25:25","slug":"nouvelle-opel-astra-infos-et-photos-de-la-version-restylee-pour-2026","status":"publish","type":"post","link":"https:\/\/www.evearly.news\/fr\/nouvelle-opel-astra-infos-et-photos-de-la-version-restylee-pour-2026\/","title":{"rendered":"Nouvelle Opel Astra : infos et photos de la version restyl\u00e9e pour 2026"},"content":{"rendered":"<div class=\"media_block\"><img decoding=\"async\" src=\"https:\/\/www.evearly.news\/fr\/wp-content\/uploads\/sites\/6\/2025\/12\/nouvelle-opel-astra-infos-et-photos-de-la-version-restylee-pour-2026.jpg\"><\/div>\n<p>N\u00e9e au d\u00e9but des ann\u00e9es 1990, l\u2019Opel Astra fait partie des piliers de la gamme du constructeur allemand. Qu\u2019importe si elle est un peu en perte de vitesse, elle demeure essentielle dans les ventes europ\u00e9ennes du Blitz. Cette sixi\u00e8me g\u00e9n\u00e9ration, lanc\u00e9e en 2021, a donc droit en cette fin d\u2019ann\u00e9e 2026 \u00e0 son restylage de mi-carri\u00e8re. Voici les changements apport\u00e9s sur la nouvelle Opel Astra 2026. <a href=https:\/\/www.automobile-magazine.fr\/voitures-hybrides\/article\/50397-nouvelle-opel-astra-infos-et-photos-de-la-version-restylee-pour-2026 target='bwindow'>Lire la suite&#8230;<\/a><\/p>\n","protected":false},"excerpt":{"rendered":"<div class=\"media_block\"><img decoding=\"async\" src=\"https:\/\/www.evearly.news\/fr\/wp-content\/uploads\/sites\/6\/2025\/12\/nouvelle-opel-astra-infos-et-photos-de-la-version-restylee-pour-2026.jpg\"><\/div>\n<p> <a class=\"continue-reading-link\" href=\"https:\/\/www.evearly.news\/fr\/nouvelle-opel-astra-infos-et-photos-de-la-version-restylee-pour-2026\/\"><\/a><\/p>\n","protected":false},"author":7,"featured_media":313577,"comment_status":"closed","ping_status":"open","sticky":false,"template":"Default","format":"standard","meta":{"footnotes":""},"categories":[7],"tags":[],"class_list":["post-313576","post","type-post","status-publish","format-standard","has-post-thumbnail","hentry","category-automobile-magazine"],"_links":{"self":[{"href":"https:\/\/www.evearly.news\/fr\/wp-json\/wp\/v2\/posts\/313576","targetHints":{"allow":["GET"]}}],"collection":[{"href":"https:\/\/www.evearly.news\/fr\/wp-json\/wp\/v2\/posts"}],"about":[{"href":"https:\/\/www.evearly.news\/fr\/wp-json\/wp\/v2\/types\/post"}],"author":[{"embeddable":true,"href":"https:\/\/www.evearly.news\/fr\/wp-json\/wp\/v2\/users\/7"}],"replies":[{"embeddable":true,"href":"https:\/\/www.evearly.news\/fr\/wp-json\/wp\/v2\/comments?post=313576"}],"version-history":[{"count":0,"href":"https:\/\/www.evearly.news\/fr\/wp-json\/wp\/v2\/posts\/313576\/revisions"}],"wp:featuredmedia":[{"embeddable":true,"href":"https:\/\/www.evearly.news\/fr\/wp-json\/wp\/v2\/media\/313577"}],"wp:attachment":[{"href":"https:\/\/www.evearly.news\/fr\/wp-json\/wp\/v2\/media?parent=313576"}],"wp:term":[{"taxonomy":"category","embeddable":true,"href":"https:\/\/www.evearly.news\/fr\/wp-json\/wp\/v2\/categories?post=313576"},{"taxonomy":"post_tag","embeddable":true,"href":"https:\/\/www.evearly.news\/fr\/wp-json\/wp\/v2\/tags?post=313576"}],"curies":[{"name":"wp","href":"https:\/\/api.w.org\/{rel}","templated":true}]}}