{"id":313580,"date":"2025-12-10T20:28:08","date_gmt":"2025-12-10T19:28:08","guid":{"rendered":"https:\/\/www.evearly.news\/fr\/renault-et-volvo-deja-au-bord-du-divorce-les-deux-constructeurs-se-dechirent-au-sujet-de-leurs-utilitaires-communs\/"},"modified":"2025-12-10T20:28:08","modified_gmt":"2025-12-10T19:28:08","slug":"renault-et-volvo-deja-au-bord-du-divorce-les-deux-constructeurs-se-dechirent-au-sujet-de-leurs-utilitaires-communs","status":"publish","type":"post","link":"https:\/\/www.evearly.news\/fr\/renault-et-volvo-deja-au-bord-du-divorce-les-deux-constructeurs-se-dechirent-au-sujet-de-leurs-utilitaires-communs\/","title":{"rendered":"Renault et Volvo d\u00e9j\u00e0 au bord du divorce ? Les deux constructeurs se d\u00e9chirent au sujet de leurs utilitaires communs"},"content":{"rendered":"<div class=\"media_block\"><img decoding=\"async\" src=\"https:\/\/www.evearly.news\/fr\/wp-content\/uploads\/sites\/6\/2025\/12\/renault-et-volvo-deja-au-bord-du-divorce-les-deux-constructeurs-se-dechirent-au-sujet-de-leurs-utilitaires-communs.jpg\"><\/div>\n<p>La jeune soci\u00e9t\u00e9 commune baptis\u00e9e Flexis et d\u00e9di\u00e9e aux utilitaires \u00e9lectriques traverse une p\u00e9riode d\u00e9licate. Renault et Volvo, ses deux actionnaires principaux, ont fait appel \u00e0 un conciliateur pour apaiser leurs divergences strat\u00e9giques, \u00e0 moins d&rsquo;un an du lancement commercial pr\u00e9vu fin 2026. <a href=https:\/\/www.automobile-magazine.fr\/utilitaires-news\/article\/50382-renault-et-volvo-deja-au-bord-du-divorce-les-deux-constructeurs-se-dechirent-au-sujet-de-leurs-utilitaires-communs target='bwindow'>Lire la suite&#8230;<\/a><\/p>\n","protected":false},"excerpt":{"rendered":"<div class=\"media_block\"><img decoding=\"async\" src=\"https:\/\/www.evearly.news\/fr\/wp-content\/uploads\/sites\/6\/2025\/12\/renault-et-volvo-deja-au-bord-du-divorce-les-deux-constructeurs-se-dechirent-au-sujet-de-leurs-utilitaires-communs.jpg\"><\/div>\n<p> <a class=\"continue-reading-link\" href=\"https:\/\/www.evearly.news\/fr\/renault-et-volvo-deja-au-bord-du-divorce-les-deux-constructeurs-se-dechirent-au-sujet-de-leurs-utilitaires-communs\/\"><\/a><\/p>\n","protected":false},"author":7,"featured_media":313581,"comment_status":"closed","ping_status":"open","sticky":false,"template":"Default","format":"standard","meta":{"footnotes":""},"categories":[7],"tags":[],"class_list":["post-313580","post","type-post","status-publish","format-standard","has-post-thumbnail","hentry","category-automobile-magazine"],"_links":{"self":[{"href":"https:\/\/www.evearly.news\/fr\/wp-json\/wp\/v2\/posts\/313580","targetHints":{"allow":["GET"]}}],"collection":[{"href":"https:\/\/www.evearly.news\/fr\/wp-json\/wp\/v2\/posts"}],"about":[{"href":"https:\/\/www.evearly.news\/fr\/wp-json\/wp\/v2\/types\/post"}],"author":[{"embeddable":true,"href":"https:\/\/www.evearly.news\/fr\/wp-json\/wp\/v2\/users\/7"}],"replies":[{"embeddable":true,"href":"https:\/\/www.evearly.news\/fr\/wp-json\/wp\/v2\/comments?post=313580"}],"version-history":[{"count":0,"href":"https:\/\/www.evearly.news\/fr\/wp-json\/wp\/v2\/posts\/313580\/revisions"}],"wp:featuredmedia":[{"embeddable":true,"href":"https:\/\/www.evearly.news\/fr\/wp-json\/wp\/v2\/media\/313581"}],"wp:attachment":[{"href":"https:\/\/www.evearly.news\/fr\/wp-json\/wp\/v2\/media?parent=313580"}],"wp:term":[{"taxonomy":"category","embeddable":true,"href":"https:\/\/www.evearly.news\/fr\/wp-json\/wp\/v2\/categories?post=313580"},{"taxonomy":"post_tag","embeddable":true,"href":"https:\/\/www.evearly.news\/fr\/wp-json\/wp\/v2\/tags?post=313580"}],"curies":[{"name":"wp","href":"https:\/\/api.w.org\/{rel}","templated":true}]}}