{"id":313802,"date":"2025-12-15T18:19:28","date_gmt":"2025-12-15T17:19:28","guid":{"rendered":"https:\/\/www.evearly.news\/fr\/autonomie-batterie-et-conduite-on-en-sait-un-peu-plus-sur-la-volkswagen-id-polo-et-on-la-deja-essayee\/"},"modified":"2025-12-15T18:19:28","modified_gmt":"2025-12-15T17:19:28","slug":"autonomie-batterie-et-conduite-on-en-sait-un-peu-plus-sur-la-volkswagen-id-polo-et-on-la-deja-essayee","status":"publish","type":"post","link":"https:\/\/www.evearly.news\/fr\/autonomie-batterie-et-conduite-on-en-sait-un-peu-plus-sur-la-volkswagen-id-polo-et-on-la-deja-essayee\/","title":{"rendered":"Autonomie, batterie et conduite : on en sait un peu plus sur la Volkswagen ID.Polo et on l\u2019a d\u00e9j\u00e0 essay\u00e9e"},"content":{"rendered":"<div class=\"media_block\"><img decoding=\"async\" src=\"https:\/\/www.evearly.news\/fr\/wp-content\/uploads\/sites\/6\/2025\/12\/autonomie-batterie-et-conduite-on-en-sait-un-peu-plus-sur-la-volkswagen-id-polo-et-on-la-deja-essayee.jpg\"><\/div>\n<p>Commercialis\u00e9e en avril 2026, l\u2019ID.Polo est d\u2019une importance capitale pour Volkswagen qui va enfin proposer une petite \u00e9lectrique en alternative aux Renault 5 et autres Peugeot E-208. Si elle joue encore les cachoti\u00e8res pour son style et son habitacle, nous en savons un peu plus sur les technologies de l\u2019allemande, sur son autonomie mais aussi sa conduite puisque nous avons le privil\u00e8ge de prendre le volant d\u2019un mod\u00e8le de pr\u00e9s\u00e9rie.\u00a0 <a href=https:\/\/www.automobile-magazine.fr\/tous-les-essais\/article\/50442-autonomie-batterie-et-conduite-on-en-sait-un-peu-plus-sur-la-volkswagen-idpolo-et-on-la-deja-essayee target='bwindow'>Lire la suite&#8230;<\/a><\/p>\n","protected":false},"excerpt":{"rendered":"<div class=\"media_block\"><img decoding=\"async\" src=\"https:\/\/www.evearly.news\/fr\/wp-content\/uploads\/sites\/6\/2025\/12\/autonomie-batterie-et-conduite-on-en-sait-un-peu-plus-sur-la-volkswagen-id-polo-et-on-la-deja-essayee.jpg\"><\/div>\n<p> <a class=\"continue-reading-link\" href=\"https:\/\/www.evearly.news\/fr\/autonomie-batterie-et-conduite-on-en-sait-un-peu-plus-sur-la-volkswagen-id-polo-et-on-la-deja-essayee\/\"><\/a><\/p>\n","protected":false},"author":7,"featured_media":313803,"comment_status":"closed","ping_status":"open","sticky":false,"template":"Default","format":"standard","meta":{"footnotes":""},"categories":[7],"tags":[],"class_list":["post-313802","post","type-post","status-publish","format-standard","has-post-thumbnail","hentry","category-automobile-magazine"],"_links":{"self":[{"href":"https:\/\/www.evearly.news\/fr\/wp-json\/wp\/v2\/posts\/313802","targetHints":{"allow":["GET"]}}],"collection":[{"href":"https:\/\/www.evearly.news\/fr\/wp-json\/wp\/v2\/posts"}],"about":[{"href":"https:\/\/www.evearly.news\/fr\/wp-json\/wp\/v2\/types\/post"}],"author":[{"embeddable":true,"href":"https:\/\/www.evearly.news\/fr\/wp-json\/wp\/v2\/users\/7"}],"replies":[{"embeddable":true,"href":"https:\/\/www.evearly.news\/fr\/wp-json\/wp\/v2\/comments?post=313802"}],"version-history":[{"count":0,"href":"https:\/\/www.evearly.news\/fr\/wp-json\/wp\/v2\/posts\/313802\/revisions"}],"wp:featuredmedia":[{"embeddable":true,"href":"https:\/\/www.evearly.news\/fr\/wp-json\/wp\/v2\/media\/313803"}],"wp:attachment":[{"href":"https:\/\/www.evearly.news\/fr\/wp-json\/wp\/v2\/media?parent=313802"}],"wp:term":[{"taxonomy":"category","embeddable":true,"href":"https:\/\/www.evearly.news\/fr\/wp-json\/wp\/v2\/categories?post=313802"},{"taxonomy":"post_tag","embeddable":true,"href":"https:\/\/www.evearly.news\/fr\/wp-json\/wp\/v2\/tags?post=313802"}],"curies":[{"name":"wp","href":"https:\/\/api.w.org\/{rel}","templated":true}]}}