{"id":313804,"date":"2025-12-15T18:20:10","date_gmt":"2025-12-15T17:20:10","guid":{"rendered":"https:\/\/www.evearly.news\/fr\/stellantis-ne-serait-pas-en-mesure-de-conserver-ses-14-marques-lesquelles-sont-les-plus-menacees\/"},"modified":"2025-12-15T18:20:10","modified_gmt":"2025-12-15T17:20:10","slug":"stellantis-ne-serait-pas-en-mesure-de-conserver-ses-14-marques-lesquelles-sont-les-plus-menacees","status":"publish","type":"post","link":"https:\/\/www.evearly.news\/fr\/stellantis-ne-serait-pas-en-mesure-de-conserver-ses-14-marques-lesquelles-sont-les-plus-menacees\/","title":{"rendered":"Stellantis ne serait pas en mesure de conserver ses 14 marques. Lesquelles sont les plus menac\u00e9es ?"},"content":{"rendered":"<div class=\"media_block\"><img decoding=\"async\" src=\"https:\/\/www.evearly.news\/fr\/wp-content\/uploads\/sites\/6\/2025\/12\/stellantis-ne-serait-pas-en-mesure-de-conserver-ses-14-marques-lesquelles-sont-les-plus-menacees.jpg\"><\/div>\n<p>A la t\u00eate de 14 marques automobiles, Antonio Filosa le grand patron de Stellantis successeur de Carlos Tavares a report\u00e9 au premier semestre 2026, l\u2019annonce de son plan strat\u00e9gique, initialement pr\u00e9vu pour le premier trimestre prochain. Selon l\u2019agence Reuters, des sources proches du dossier affirment qu\u2019Antonio Filosa \u00e9value actuellement la viabilit\u00e9 \u00e0 long terme des 14 marques. Pas simple pour le dirigeant de trancher d\u2019autant que les d\u00e9cisions qui seront prises ne seront nullement sans cons\u00e9quences. Quelles sont les constructeurs les plus menac\u00e9s ? Les am\u00e9ricains ou bien les europ\u00e9ens ? El\u00e9ments de r\u00e9ponse ci-dessous. <a href=https:\/\/www.automobile-magazine.fr\/economie-politique\/article\/50450-stellantis-ne-serait-pas-en-mesure-de-conserver-ses-14-marques-lesquelles-sont-les-plus-menacees target='bwindow'>Lire la suite&#8230;<\/a><\/p>\n","protected":false},"excerpt":{"rendered":"<div class=\"media_block\"><img decoding=\"async\" src=\"https:\/\/www.evearly.news\/fr\/wp-content\/uploads\/sites\/6\/2025\/12\/stellantis-ne-serait-pas-en-mesure-de-conserver-ses-14-marques-lesquelles-sont-les-plus-menacees.jpg\"><\/div>\n<p> <a class=\"continue-reading-link\" href=\"https:\/\/www.evearly.news\/fr\/stellantis-ne-serait-pas-en-mesure-de-conserver-ses-14-marques-lesquelles-sont-les-plus-menacees\/\"><\/a><\/p>\n","protected":false},"author":7,"featured_media":313805,"comment_status":"closed","ping_status":"open","sticky":false,"template":"Default","format":"standard","meta":{"footnotes":""},"categories":[7],"tags":[],"class_list":["post-313804","post","type-post","status-publish","format-standard","has-post-thumbnail","hentry","category-automobile-magazine"],"_links":{"self":[{"href":"https:\/\/www.evearly.news\/fr\/wp-json\/wp\/v2\/posts\/313804","targetHints":{"allow":["GET"]}}],"collection":[{"href":"https:\/\/www.evearly.news\/fr\/wp-json\/wp\/v2\/posts"}],"about":[{"href":"https:\/\/www.evearly.news\/fr\/wp-json\/wp\/v2\/types\/post"}],"author":[{"embeddable":true,"href":"https:\/\/www.evearly.news\/fr\/wp-json\/wp\/v2\/users\/7"}],"replies":[{"embeddable":true,"href":"https:\/\/www.evearly.news\/fr\/wp-json\/wp\/v2\/comments?post=313804"}],"version-history":[{"count":0,"href":"https:\/\/www.evearly.news\/fr\/wp-json\/wp\/v2\/posts\/313804\/revisions"}],"wp:featuredmedia":[{"embeddable":true,"href":"https:\/\/www.evearly.news\/fr\/wp-json\/wp\/v2\/media\/313805"}],"wp:attachment":[{"href":"https:\/\/www.evearly.news\/fr\/wp-json\/wp\/v2\/media?parent=313804"}],"wp:term":[{"taxonomy":"category","embeddable":true,"href":"https:\/\/www.evearly.news\/fr\/wp-json\/wp\/v2\/categories?post=313804"},{"taxonomy":"post_tag","embeddable":true,"href":"https:\/\/www.evearly.news\/fr\/wp-json\/wp\/v2\/tags?post=313804"}],"curies":[{"name":"wp","href":"https:\/\/api.w.org\/{rel}","templated":true}]}}