{"id":313806,"date":"2025-12-15T18:21:01","date_gmt":"2025-12-15T17:21:01","guid":{"rendered":"https:\/\/www.evearly.news\/fr\/6-places-dans-la-taille-dune-renault-clio-comment-citroen-reflechit-a-faire-renaitre-une-categorie-de-voitures-disparue\/"},"modified":"2025-12-15T18:21:01","modified_gmt":"2025-12-15T17:21:01","slug":"6-places-dans-la-taille-dune-renault-clio-comment-citroen-reflechit-a-faire-renaitre-une-categorie-de-voitures-disparue","status":"publish","type":"post","link":"https:\/\/www.evearly.news\/fr\/6-places-dans-la-taille-dune-renault-clio-comment-citroen-reflechit-a-faire-renaitre-une-categorie-de-voitures-disparue\/","title":{"rendered":"6 places dans la taille d&rsquo;une Renault Clio : comment Citro\u00ebn r\u00e9fl\u00e9chit \u00e0 faire renaitre une cat\u00e9gorie de voitures disparue"},"content":{"rendered":"<div class=\"media_block\"><img decoding=\"async\" src=\"https:\/\/www.evearly.news\/fr\/wp-content\/uploads\/sites\/6\/2025\/12\/6-places-dans-la-taille-dune-renault-clio-comment-citroen-reflechit-a-faire-renaitre-une-categorie-de-voitures-disparue.jpg\"><\/div>\n<p>Beaucoup de constructeurs songent \u00e0 l\u2019apr\u00e8s SUV. Or, les tentatives de berlines aux looks de baroudeurs n\u2019\u00e9tant gu\u00e8re concluantes, il va falloir trouver autre chose. C\u2019est l\u00e0 que la piste du monospace revient sur le devant de la sc\u00e8ne. Un type de v\u00e9hicule qui n\u2019est pas exclu chez Stellantis, le grand patron du design nous en a m\u00eame touch\u00e9 deux mots. Evoquant l\u2019industrialisation et l\u2019a\u00e9rodynamisme, Gilles Vidal ne tarit d&rsquo;ailleurs pas d&rsquo;\u00e9loge sur cette silhouette. <a href=https:\/\/www.automobile-magazine.fr\/scoops\/article\/50408-6-places-dans-la-taille-dune-renault-clio-comment-citroen-reflechit-a-faire-renaitre-une-categorie-de-voitures-disparue target='bwindow'>Lire la suite&#8230;<\/a><\/p>\n","protected":false},"excerpt":{"rendered":"<div class=\"media_block\"><img decoding=\"async\" src=\"https:\/\/www.evearly.news\/fr\/wp-content\/uploads\/sites\/6\/2025\/12\/6-places-dans-la-taille-dune-renault-clio-comment-citroen-reflechit-a-faire-renaitre-une-categorie-de-voitures-disparue.jpg\"><\/div>\n<p> <a class=\"continue-reading-link\" href=\"https:\/\/www.evearly.news\/fr\/6-places-dans-la-taille-dune-renault-clio-comment-citroen-reflechit-a-faire-renaitre-une-categorie-de-voitures-disparue\/\"><\/a><\/p>\n","protected":false},"author":7,"featured_media":313807,"comment_status":"closed","ping_status":"open","sticky":false,"template":"Default","format":"standard","meta":{"footnotes":""},"categories":[7],"tags":[],"class_list":["post-313806","post","type-post","status-publish","format-standard","has-post-thumbnail","hentry","category-automobile-magazine"],"_links":{"self":[{"href":"https:\/\/www.evearly.news\/fr\/wp-json\/wp\/v2\/posts\/313806","targetHints":{"allow":["GET"]}}],"collection":[{"href":"https:\/\/www.evearly.news\/fr\/wp-json\/wp\/v2\/posts"}],"about":[{"href":"https:\/\/www.evearly.news\/fr\/wp-json\/wp\/v2\/types\/post"}],"author":[{"embeddable":true,"href":"https:\/\/www.evearly.news\/fr\/wp-json\/wp\/v2\/users\/7"}],"replies":[{"embeddable":true,"href":"https:\/\/www.evearly.news\/fr\/wp-json\/wp\/v2\/comments?post=313806"}],"version-history":[{"count":0,"href":"https:\/\/www.evearly.news\/fr\/wp-json\/wp\/v2\/posts\/313806\/revisions"}],"wp:featuredmedia":[{"embeddable":true,"href":"https:\/\/www.evearly.news\/fr\/wp-json\/wp\/v2\/media\/313807"}],"wp:attachment":[{"href":"https:\/\/www.evearly.news\/fr\/wp-json\/wp\/v2\/media?parent=313806"}],"wp:term":[{"taxonomy":"category","embeddable":true,"href":"https:\/\/www.evearly.news\/fr\/wp-json\/wp\/v2\/categories?post=313806"},{"taxonomy":"post_tag","embeddable":true,"href":"https:\/\/www.evearly.news\/fr\/wp-json\/wp\/v2\/tags?post=313806"}],"curies":[{"name":"wp","href":"https:\/\/api.w.org\/{rel}","templated":true}]}}