{"id":313808,"date":"2025-12-15T18:21:47","date_gmt":"2025-12-15T17:21:47","guid":{"rendered":"https:\/\/www.evearly.news\/fr\/mercedes-classe-g-il-retentera-sa-chance-en-electrique-dans-un-format-de-poche-plus-pertinent\/"},"modified":"2025-12-15T18:21:47","modified_gmt":"2025-12-15T17:21:47","slug":"mercedes-classe-g-il-retentera-sa-chance-en-electrique-dans-un-format-de-poche-plus-pertinent","status":"publish","type":"post","link":"https:\/\/www.evearly.news\/fr\/mercedes-classe-g-il-retentera-sa-chance-en-electrique-dans-un-format-de-poche-plus-pertinent\/","title":{"rendered":"Mercedes Classe G, il retentera sa chance en \u00e9lectrique dans un format de poche plus pertinent"},"content":{"rendered":"<div class=\"media_block\"><img decoding=\"async\" src=\"https:\/\/www.evearly.news\/fr\/wp-content\/uploads\/sites\/6\/2025\/12\/mercedes-classe-g-il-retentera-sa-chance-en-electrique-dans-un-format-de-poche-plus-pertinent.jpg\"><\/div>\n<p>En 2021, Mercedes croyait encore dur comme fer au succ\u00e8s d\u2019un Classe G 100% \u00e9lectrique. La marque \u00e0 l\u2019\u00e9toile a rat\u00e9 sa cible avec un \u00e9chec retentissant du G 580 sur prise lanc\u00e9 en 2024. Pour autant, pas question de renoncer au SUV branch\u00e9 en Europe o\u00f9 la r\u00e9gulation des \u00e9missions de CO2 ne cesse de se durcir chaque ann\u00e9e. Aussi Mercedes reviendra \u00e0 la charge mais avec un plus petit gabarit du Classe G, plus adapt\u00e9 aux zones urbaines et plus accessible pour le portefeuille des clients. Voici le portrait r\u00e9aliste du futur Mercedes Baby Classe G. <a href=https:\/\/www.automobile-magazine.fr\/voitures-electriques\/article\/50441-mercedes-classe-g-il-retentera-sa-chance-en-electrique-dans-un-format-de-poche-plus-pertinent target='bwindow'>Lire la suite&#8230;<\/a><\/p>\n","protected":false},"excerpt":{"rendered":"<div class=\"media_block\"><img decoding=\"async\" src=\"https:\/\/www.evearly.news\/fr\/wp-content\/uploads\/sites\/6\/2025\/12\/mercedes-classe-g-il-retentera-sa-chance-en-electrique-dans-un-format-de-poche-plus-pertinent.jpg\"><\/div>\n<p> <a class=\"continue-reading-link\" href=\"https:\/\/www.evearly.news\/fr\/mercedes-classe-g-il-retentera-sa-chance-en-electrique-dans-un-format-de-poche-plus-pertinent\/\"><\/a><\/p>\n","protected":false},"author":7,"featured_media":313809,"comment_status":"closed","ping_status":"open","sticky":false,"template":"Default","format":"standard","meta":{"footnotes":""},"categories":[7],"tags":[],"class_list":["post-313808","post","type-post","status-publish","format-standard","has-post-thumbnail","hentry","category-automobile-magazine"],"_links":{"self":[{"href":"https:\/\/www.evearly.news\/fr\/wp-json\/wp\/v2\/posts\/313808","targetHints":{"allow":["GET"]}}],"collection":[{"href":"https:\/\/www.evearly.news\/fr\/wp-json\/wp\/v2\/posts"}],"about":[{"href":"https:\/\/www.evearly.news\/fr\/wp-json\/wp\/v2\/types\/post"}],"author":[{"embeddable":true,"href":"https:\/\/www.evearly.news\/fr\/wp-json\/wp\/v2\/users\/7"}],"replies":[{"embeddable":true,"href":"https:\/\/www.evearly.news\/fr\/wp-json\/wp\/v2\/comments?post=313808"}],"version-history":[{"count":0,"href":"https:\/\/www.evearly.news\/fr\/wp-json\/wp\/v2\/posts\/313808\/revisions"}],"wp:featuredmedia":[{"embeddable":true,"href":"https:\/\/www.evearly.news\/fr\/wp-json\/wp\/v2\/media\/313809"}],"wp:attachment":[{"href":"https:\/\/www.evearly.news\/fr\/wp-json\/wp\/v2\/media?parent=313808"}],"wp:term":[{"taxonomy":"category","embeddable":true,"href":"https:\/\/www.evearly.news\/fr\/wp-json\/wp\/v2\/categories?post=313808"},{"taxonomy":"post_tag","embeddable":true,"href":"https:\/\/www.evearly.news\/fr\/wp-json\/wp\/v2\/tags?post=313808"}],"curies":[{"name":"wp","href":"https:\/\/api.w.org\/{rel}","templated":true}]}}