{"id":315337,"date":"2026-01-14T12:23:49","date_gmt":"2026-01-14T11:23:49","guid":{"rendered":"https:\/\/www.evearly.news\/fr\/voiture-electrique-pourquoi-les-operateurs-de-recharge-vont-devoir-rapidement-regler-ces-problemes\/"},"modified":"2026-01-14T12:23:49","modified_gmt":"2026-01-14T11:23:49","slug":"voiture-electrique-pourquoi-les-operateurs-de-recharge-vont-devoir-rapidement-regler-ces-problemes","status":"publish","type":"post","link":"https:\/\/www.evearly.news\/fr\/voiture-electrique-pourquoi-les-operateurs-de-recharge-vont-devoir-rapidement-regler-ces-problemes\/","title":{"rendered":"Voiture \u00e9lectrique : pourquoi les op\u00e9rateurs de recharge vont devoir rapidement r\u00e9gler ces probl\u00e8mes"},"content":{"rendered":"<p><img loading=\"lazy\" decoding=\"async\" width=\"500\" height=\"333\" src=\"https:\/\/www.evearly.news\/fr\/wp-content\/uploads\/sites\/6\/2026\/01\/voiture-electrique-pourquoi-les-operateurs-de-recharge-vont-devoir-rapidement-regler-ces-problemes.webp\" class=\"attachment-1200x800 size-1200x800 wp-post-image\" alt=\"Probl\u00e8mes recharge VE\" srcset=\"https:\/\/www.evearly.news\/fr\/wp-content\/uploads\/sites\/6\/2026\/01\/voiture-electrique-pourquoi-les-operateurs-de-recharge-vont-devoir-rapidement-regler-ces-problemes.webp 1200w, https:\/\/www.evearly.news\/fr\/wp-content\/uploads\/sites\/6\/2026\/01\/voiture-electrique-pourquoi-les-operateurs-de-recharge-vont-devoir-rapidement-regler-ces-problemes-1.webp 1024w, https:\/\/www.evearly.news\/fr\/wp-content\/uploads\/sites\/6\/2026\/01\/voiture-electrique-pourquoi-les-operateurs-de-recharge-vont-devoir-rapidement-regler-ces-problemes-2.webp 140w, https:\/\/www.evearly.news\/fr\/wp-content\/uploads\/sites\/6\/2026\/01\/voiture-electrique-pourquoi-les-operateurs-de-recharge-vont-devoir-rapidement-regler-ces-problemes-3.webp 768w, https:\/\/www.evearly.news\/fr\/wp-content\/uploads\/sites\/6\/2026\/01\/voiture-electrique-pourquoi-les-operateurs-de-recharge-vont-devoir-rapidement-regler-ces-problemes-4.webp 700w, https:\/\/www.evearly.news\/fr\/wp-content\/uploads\/sites\/6\/2026\/01\/voiture-electrique-pourquoi-les-operateurs-de-recharge-vont-devoir-rapidement-regler-ces-problemes-5.webp 960w, https:\/\/cdn.automobile-propre.com\/uploads\/2026\/01\/Problemes-recharge-VE-100x66.webp 100w\" sizes=\"auto, (max-width: 1200px) 100vw, 1200px\" \/><br \/>\nPour que la voiture \u00e9lectrique continue \u00e0 se d\u00e9velopper, les op\u00e9rateurs de recharge vont devoir rapidement r\u00e9gler ces questions inh\u00e9rentes \u00e0 la recharge.\u00a0<a href=https:\/\/www.automobile-propre.com\/articles\/voiture-electrique-pourquoi-les-operateurs-de-recharge-vont-devoir-rapidement-regler-ces-problemes\/ target='bwindow'>Lire la suite&#8230;<\/a><\/p>\n","protected":false},"excerpt":{"rendered":"<p>&#8230; <a class=\"continue-reading-link\" href=\"https:\/\/www.evearly.news\/fr\/voiture-electrique-pourquoi-les-operateurs-de-recharge-vont-devoir-rapidement-regler-ces-problemes\/\"><\/a><\/p>\n","protected":false},"author":8,"featured_media":315338,"comment_status":"closed","ping_status":"open","sticky":false,"template":"Default","format":"standard","meta":{"footnotes":""},"categories":[8],"tags":[],"class_list":["post-315337","post","type-post","status-publish","format-standard","has-post-thumbnail","hentry","category-automobile-propre"],"_links":{"self":[{"href":"https:\/\/www.evearly.news\/fr\/wp-json\/wp\/v2\/posts\/315337","targetHints":{"allow":["GET"]}}],"collection":[{"href":"https:\/\/www.evearly.news\/fr\/wp-json\/wp\/v2\/posts"}],"about":[{"href":"https:\/\/www.evearly.news\/fr\/wp-json\/wp\/v2\/types\/post"}],"author":[{"embeddable":true,"href":"https:\/\/www.evearly.news\/fr\/wp-json\/wp\/v2\/users\/8"}],"replies":[{"embeddable":true,"href":"https:\/\/www.evearly.news\/fr\/wp-json\/wp\/v2\/comments?post=315337"}],"version-history":[{"count":0,"href":"https:\/\/www.evearly.news\/fr\/wp-json\/wp\/v2\/posts\/315337\/revisions"}],"wp:featuredmedia":[{"embeddable":true,"href":"https:\/\/www.evearly.news\/fr\/wp-json\/wp\/v2\/media\/315338"}],"wp:attachment":[{"href":"https:\/\/www.evearly.news\/fr\/wp-json\/wp\/v2\/media?parent=315337"}],"wp:term":[{"taxonomy":"category","embeddable":true,"href":"https:\/\/www.evearly.news\/fr\/wp-json\/wp\/v2\/categories?post=315337"},{"taxonomy":"post_tag","embeddable":true,"href":"https:\/\/www.evearly.news\/fr\/wp-json\/wp\/v2\/tags?post=315337"}],"curies":[{"name":"wp","href":"https:\/\/api.w.org\/{rel}","templated":true}]}}