{"id":315345,"date":"2026-01-14T13:50:05","date_gmt":"2026-01-14T12:50:05","guid":{"rendered":"https:\/\/www.evearly.news\/fr\/bmw-en-dit-plus-sur-sa-premiere-m3-electrique-a-quatre-moteurs\/"},"modified":"2026-01-14T13:50:05","modified_gmt":"2026-01-14T12:50:05","slug":"bmw-en-dit-plus-sur-sa-premiere-m3-electrique-a-quatre-moteurs","status":"publish","type":"post","link":"https:\/\/www.evearly.news\/fr\/bmw-en-dit-plus-sur-sa-premiere-m3-electrique-a-quatre-moteurs\/","title":{"rendered":"BMW en dit plus sur sa premi\u00e8re M3 \u00e9lectrique \u00e0 quatre moteurs !"},"content":{"rendered":"<p><img decoding=\"async\" src=\"https:\/\/www.evearly.news\/fr\/wp-content\/uploads\/sites\/6\/2026\/01\/bmw-en-dit-plus-sur-sa-premiere-m3-electrique-a-quatre-moteurs.webp\" alt=\"auto-moto\"><br \/>Alors que la nouvelle BMW i3 \u00e9lectrique est attendue en 2026, sa d\u00e9clinaison sportive de BMW Motorsport est encore en d\u00e9veloppement mais livre d\u00e9j\u00e0 ses premiers secrets. Pr\u00e9vue pour 2027, cette premi\u00e8re M 100% \u00e9lectrique sur base Neue Klasse promet d\u2019\u00eatre spectaculaire. <a href=https:\/\/www.auto-moto.com\/sportive\/bmw-i3-m-electrique-68121 target=blank>Lire la suite&#8230;<\/a><\/p>\n","protected":false},"excerpt":{"rendered":"<p>Alors que la nouvelle BMW i3 \u00e9lectrique est attendue en 2026, sa d\u00e9clinaison sportive de BMW Motorsport est encore en d\u00e9veloppement mais livre d\u00e9j\u00e0 ses premiers secrets. Pr\u00e9vue pour 2027, cette premi\u00e8re M 100% \u00e9lectrique sur base Neue Klasse promet d\u2019\u00eatre spectaculaire&#8230;. <a class=\"continue-reading-link\" href=\"https:\/\/www.evearly.news\/fr\/bmw-en-dit-plus-sur-sa-premiere-m3-electrique-a-quatre-moteurs\/\"><\/a><\/p>\n","protected":false},"author":9,"featured_media":315346,"comment_status":"closed","ping_status":"open","sticky":false,"template":"Default","format":"standard","meta":{"footnotes":""},"categories":[10],"tags":[],"class_list":["post-315345","post","type-post","status-publish","format-standard","has-post-thumbnail","hentry","category-auto-moto-com"],"_links":{"self":[{"href":"https:\/\/www.evearly.news\/fr\/wp-json\/wp\/v2\/posts\/315345","targetHints":{"allow":["GET"]}}],"collection":[{"href":"https:\/\/www.evearly.news\/fr\/wp-json\/wp\/v2\/posts"}],"about":[{"href":"https:\/\/www.evearly.news\/fr\/wp-json\/wp\/v2\/types\/post"}],"author":[{"embeddable":true,"href":"https:\/\/www.evearly.news\/fr\/wp-json\/wp\/v2\/users\/9"}],"replies":[{"embeddable":true,"href":"https:\/\/www.evearly.news\/fr\/wp-json\/wp\/v2\/comments?post=315345"}],"version-history":[{"count":0,"href":"https:\/\/www.evearly.news\/fr\/wp-json\/wp\/v2\/posts\/315345\/revisions"}],"wp:featuredmedia":[{"embeddable":true,"href":"https:\/\/www.evearly.news\/fr\/wp-json\/wp\/v2\/media\/315346"}],"wp:attachment":[{"href":"https:\/\/www.evearly.news\/fr\/wp-json\/wp\/v2\/media?parent=315345"}],"wp:term":[{"taxonomy":"category","embeddable":true,"href":"https:\/\/www.evearly.news\/fr\/wp-json\/wp\/v2\/categories?post=315345"},{"taxonomy":"post_tag","embeddable":true,"href":"https:\/\/www.evearly.news\/fr\/wp-json\/wp\/v2\/tags?post=315345"}],"curies":[{"name":"wp","href":"https:\/\/api.w.org\/{rel}","templated":true}]}}