{"id":315349,"date":"2026-01-14T14:55:34","date_gmt":"2026-01-14T13:55:34","guid":{"rendered":"https:\/\/www.evearly.news\/fr\/le-mercedes-classe-g-plait-plus-que-jamais-aux-riches-et-signe-un-nouveau-record-de-ventes\/"},"modified":"2026-01-14T14:55:34","modified_gmt":"2026-01-14T13:55:34","slug":"le-mercedes-classe-g-plait-plus-que-jamais-aux-riches-et-signe-un-nouveau-record-de-ventes","status":"publish","type":"post","link":"https:\/\/www.evearly.news\/fr\/le-mercedes-classe-g-plait-plus-que-jamais-aux-riches-et-signe-un-nouveau-record-de-ventes\/","title":{"rendered":"Le Mercedes Classe G pla\u00eet plus que jamais aux riches et signe un nouveau record de ventes"},"content":{"rendered":"<p><img decoding=\"async\" src=\"https:\/\/www.evearly.news\/fr\/wp-content\/uploads\/sites\/6\/2026\/01\/le-mercedes-classe-g-plait-plus-que-jamais-aux-riches-et-signe-un-nouveau-record-de-ventes.jpg\" alt=\"caradisiac\" ><br \/>En 2025, le Mercedes Classe G a sign\u00e9 sa meilleure ann\u00e9e commerciale depuis ses d\u00e9buts en 1979. Ce 4&#215;4 hors normes reste plus que jamais un cas \u00e0 part dans l\u2019industrie automobile, qui inspire d\u2019ailleurs ses concurrents. <a href=https:\/\/www.caradisiac.com\/le-mercedes-classe-g-plait-plus-que-jamais-aux-riches-et-signe-un-nouveau-record-de-ventes-219867.htm#xtor=RSS-40 target=blank>Lire la suite&#8230;<\/a><\/p>\n","protected":false},"excerpt":{"rendered":"<p><img decoding=\"async\" src=\"https:\/\/www.evearly.news\/fr\/wp-content\/uploads\/sites\/6\/2026\/01\/le-mercedes-classe-g-plait-plus-que-jamais-aux-riches-et-signe-un-nouveau-record-de-ventes.jpg\" alt=\"caradisiac\"><br \/>En 2025, le Mercedes Classe G a sign\u00e9 sa meilleure ann\u00e9e commerciale depuis ses d\u00e9buts en 1979. Ce 4&#215;4 hors normes reste plus que jamais un cas \u00e0 part dans l\u2019industrie automobile, qui inspire d\u2019ailleurs ses concurrents.<\/p>\n<p> <a class=\"continue-reading-link\" href=\"https:\/\/www.evearly.news\/fr\/le-mercedes-classe-g-plait-plus-que-jamais-aux-riches-et-signe-un-nouveau-record-de-ventes\/\"><\/a><\/p>\n","protected":false},"author":11,"featured_media":315350,"comment_status":"closed","ping_status":"open","sticky":false,"template":"Default","format":"standard","meta":{"footnotes":""},"categories":[11],"tags":[],"class_list":["post-315349","post","type-post","status-publish","format-standard","has-post-thumbnail","hentry","category-caradisiac"],"_links":{"self":[{"href":"https:\/\/www.evearly.news\/fr\/wp-json\/wp\/v2\/posts\/315349","targetHints":{"allow":["GET"]}}],"collection":[{"href":"https:\/\/www.evearly.news\/fr\/wp-json\/wp\/v2\/posts"}],"about":[{"href":"https:\/\/www.evearly.news\/fr\/wp-json\/wp\/v2\/types\/post"}],"author":[{"embeddable":true,"href":"https:\/\/www.evearly.news\/fr\/wp-json\/wp\/v2\/users\/11"}],"replies":[{"embeddable":true,"href":"https:\/\/www.evearly.news\/fr\/wp-json\/wp\/v2\/comments?post=315349"}],"version-history":[{"count":0,"href":"https:\/\/www.evearly.news\/fr\/wp-json\/wp\/v2\/posts\/315349\/revisions"}],"wp:featuredmedia":[{"embeddable":true,"href":"https:\/\/www.evearly.news\/fr\/wp-json\/wp\/v2\/media\/315350"}],"wp:attachment":[{"href":"https:\/\/www.evearly.news\/fr\/wp-json\/wp\/v2\/media?parent=315349"}],"wp:term":[{"taxonomy":"category","embeddable":true,"href":"https:\/\/www.evearly.news\/fr\/wp-json\/wp\/v2\/categories?post=315349"},{"taxonomy":"post_tag","embeddable":true,"href":"https:\/\/www.evearly.news\/fr\/wp-json\/wp\/v2\/tags?post=315349"}],"curies":[{"name":"wp","href":"https:\/\/api.w.org\/{rel}","templated":true}]}}