{"id":315351,"date":"2026-01-14T16:22:09","date_gmt":"2026-01-14T15:22:09","guid":{"rendered":"https:\/\/www.evearly.news\/fr\/cette-station-de-recharge-avec-des-superchargeurs-de-tesla-a-une-particularite\/"},"modified":"2026-01-14T16:22:09","modified_gmt":"2026-01-14T15:22:09","slug":"cette-station-de-recharge-avec-des-superchargeurs-de-tesla-a-une-particularite","status":"publish","type":"post","link":"https:\/\/www.evearly.news\/fr\/cette-station-de-recharge-avec-des-superchargeurs-de-tesla-a-une-particularite\/","title":{"rendered":"Cette station de recharge avec des Superchargeurs de Tesla a une particularit\u00e9"},"content":{"rendered":"<p><img decoding=\"async\" width=\"500\" height=\"333\" src=\"https:\/\/www.evearly.news\/fr\/wp-content\/uploads\/sites\/6\/2026\/01\/cette-station-de-recharge-avec-des-superchargeurs-de-tesla-a-une-particularite.jpg\" class=\"attachment-1200x800 size-1200x800 wp-post-image\" alt=\"\" loading=\"lazy\" srcset=\"https:\/\/www.evearly.news\/fr\/wp-content\/uploads\/sites\/6\/2026\/01\/cette-station-de-recharge-avec-des-superchargeurs-de-tesla-a-une-particularite.jpg 2730w, https:\/\/www.evearly.news\/fr\/wp-content\/uploads\/sites\/6\/2026\/01\/cette-station-de-recharge-avec-des-superchargeurs-de-tesla-a-une-particularite-1.jpg 1640w, https:\/\/www.evearly.news\/fr\/wp-content\/uploads\/sites\/6\/2026\/01\/cette-station-de-recharge-avec-des-superchargeurs-de-tesla-a-une-particularite-2.jpg 1024w, https:\/\/www.evearly.news\/fr\/wp-content\/uploads\/sites\/6\/2026\/01\/cette-station-de-recharge-avec-des-superchargeurs-de-tesla-a-une-particularite-3.jpg 768w, https:\/\/www.evearly.news\/fr\/wp-content\/uploads\/sites\/6\/2026\/01\/cette-station-de-recharge-avec-des-superchargeurs-de-tesla-a-une-particularite-4.jpg 1536w, https:\/\/www.evearly.news\/fr\/wp-content\/uploads\/sites\/6\/2026\/01\/cette-station-de-recharge-avec-des-superchargeurs-de-tesla-a-une-particularite-5.jpg 2048w, https:\/\/www.evearly.news\/fr\/wp-content\/uploads\/sites\/6\/2026\/01\/cette-station-de-recharge-avec-des-superchargeurs-de-tesla-a-une-particularite-6.jpg 644w, https:\/\/cdn.automobile-propre.com\/uploads\/2026\/01\/G-aNt6JacAACKAf-960x697.jpeg 960w\" sizes=\"auto, (max-width: 1102px) 100vw, 1102px\" \/><br \/>\nVoici la toute premi\u00e8re station de recharge \u00e9quip\u00e9e de bornes fabriqu\u00e9es par Tesla, mais op\u00e9r\u00e9e par une autre soci\u00e9t\u00e9. Ce\u2026\u00a0<a href=https:\/\/www.automobile-propre.com\/articles\/ouverture-de-la-premiere-station-de-recharge-avec-des-superchargeurs-tesla-mais-sans-tesla\/ target='bwindow'>Lire la suite&#8230;<\/a><\/p>\n","protected":false},"excerpt":{"rendered":"<p>&#8230; <a class=\"continue-reading-link\" href=\"https:\/\/www.evearly.news\/fr\/cette-station-de-recharge-avec-des-superchargeurs-de-tesla-a-une-particularite\/\"><\/a><\/p>\n","protected":false},"author":8,"featured_media":315352,"comment_status":"closed","ping_status":"open","sticky":false,"template":"Default","format":"standard","meta":{"footnotes":""},"categories":[8],"tags":[],"class_list":["post-315351","post","type-post","status-publish","format-standard","has-post-thumbnail","hentry","category-automobile-propre"],"_links":{"self":[{"href":"https:\/\/www.evearly.news\/fr\/wp-json\/wp\/v2\/posts\/315351","targetHints":{"allow":["GET"]}}],"collection":[{"href":"https:\/\/www.evearly.news\/fr\/wp-json\/wp\/v2\/posts"}],"about":[{"href":"https:\/\/www.evearly.news\/fr\/wp-json\/wp\/v2\/types\/post"}],"author":[{"embeddable":true,"href":"https:\/\/www.evearly.news\/fr\/wp-json\/wp\/v2\/users\/8"}],"replies":[{"embeddable":true,"href":"https:\/\/www.evearly.news\/fr\/wp-json\/wp\/v2\/comments?post=315351"}],"version-history":[{"count":0,"href":"https:\/\/www.evearly.news\/fr\/wp-json\/wp\/v2\/posts\/315351\/revisions"}],"wp:featuredmedia":[{"embeddable":true,"href":"https:\/\/www.evearly.news\/fr\/wp-json\/wp\/v2\/media\/315352"}],"wp:attachment":[{"href":"https:\/\/www.evearly.news\/fr\/wp-json\/wp\/v2\/media?parent=315351"}],"wp:term":[{"taxonomy":"category","embeddable":true,"href":"https:\/\/www.evearly.news\/fr\/wp-json\/wp\/v2\/categories?post=315351"},{"taxonomy":"post_tag","embeddable":true,"href":"https:\/\/www.evearly.news\/fr\/wp-json\/wp\/v2\/tags?post=315351"}],"curies":[{"name":"wp","href":"https:\/\/api.w.org\/{rel}","templated":true}]}}