{"id":315361,"date":"2026-01-15T08:07:35","date_gmt":"2026-01-15T07:07:35","guid":{"rendered":"https:\/\/www.evearly.news\/fr\/contraint-par-les-objectifs-co2-dacia-va-lancer-plusieurs-voitures-electriques-voici-tout-ce-que-nous-savons-a-leur-sujet\/"},"modified":"2026-01-15T08:07:35","modified_gmt":"2026-01-15T07:07:35","slug":"contraint-par-les-objectifs-co2-dacia-va-lancer-plusieurs-voitures-electriques-voici-tout-ce-que-nous-savons-a-leur-sujet","status":"publish","type":"post","link":"https:\/\/www.evearly.news\/fr\/contraint-par-les-objectifs-co2-dacia-va-lancer-plusieurs-voitures-electriques-voici-tout-ce-que-nous-savons-a-leur-sujet\/","title":{"rendered":"Contraint par les objectifs CO2, Dacia va lancer plusieurs voitures \u00e9lectriques. Voici tout ce que nous savons \u00e0 leur sujet"},"content":{"rendered":"<div class=\"media_block\"><img decoding=\"async\" src=\"https:\/\/www.evearly.news\/fr\/wp-content\/uploads\/sites\/6\/2026\/01\/contraint-par-les-objectifs-co2-dacia-va-lancer-plusieurs-voitures-electriques-voici-tout-ce-que-nous-savons-a-leur-sujet.jpg\"><\/div>\n<p>Malgr\u00e9 ces nombreux succ\u00e8s commerciaux dont une Sandero num\u00e9ro un des ventes en France sur les 11 premiers mois de l\u2019ann\u00e9e 2025 et ses lancements r\u00e9ussis, la marque roumaine du groupe Renault n\u2019est pourtant pas l\u2019\u00e9l\u00e8ve parfait. Il subsiste une ombre au tableau. En 2025, Dacia n\u2019a pas rempli les objectifs en mati\u00e8re de CO\u2082 que lui avait assign\u00e9 l\u2019Union Europ\u00e9enne. Une situation qui devrait se r\u00e9p\u00e9ter en 2026 assure Franck Marotte son directeur marketing, ventes et op\u00e9rations. En 2027, Dacia sera enfin tir\u00e9 d\u2019affaire sur ce plan. Comment compte-t-il s\u2019y prendre ? Quelles seront les bouleversements dans la gamme ? On fait le point. <a href=https:\/\/www.automobile-magazine.fr\/scoops\/article\/50713-contraint-par-les-objectifs-co2-dacia-va-lancer-plusieurs-voitures-electriques-voici-tout-ce-que-nous-savons-a-leur-sujet target='bwindow'>Lire la suite&#8230;<\/a><\/p>\n","protected":false},"excerpt":{"rendered":"<div class=\"media_block\"><img decoding=\"async\" src=\"https:\/\/www.evearly.news\/fr\/wp-content\/uploads\/sites\/6\/2026\/01\/contraint-par-les-objectifs-co2-dacia-va-lancer-plusieurs-voitures-electriques-voici-tout-ce-que-nous-savons-a-leur-sujet.jpg\"><\/div>\n<p> <a class=\"continue-reading-link\" href=\"https:\/\/www.evearly.news\/fr\/contraint-par-les-objectifs-co2-dacia-va-lancer-plusieurs-voitures-electriques-voici-tout-ce-que-nous-savons-a-leur-sujet\/\"><\/a><\/p>\n","protected":false},"author":7,"featured_media":315362,"comment_status":"closed","ping_status":"open","sticky":false,"template":"Default","format":"standard","meta":{"footnotes":""},"categories":[7],"tags":[],"class_list":["post-315361","post","type-post","status-publish","format-standard","has-post-thumbnail","hentry","category-automobile-magazine"],"_links":{"self":[{"href":"https:\/\/www.evearly.news\/fr\/wp-json\/wp\/v2\/posts\/315361","targetHints":{"allow":["GET"]}}],"collection":[{"href":"https:\/\/www.evearly.news\/fr\/wp-json\/wp\/v2\/posts"}],"about":[{"href":"https:\/\/www.evearly.news\/fr\/wp-json\/wp\/v2\/types\/post"}],"author":[{"embeddable":true,"href":"https:\/\/www.evearly.news\/fr\/wp-json\/wp\/v2\/users\/7"}],"replies":[{"embeddable":true,"href":"https:\/\/www.evearly.news\/fr\/wp-json\/wp\/v2\/comments?post=315361"}],"version-history":[{"count":0,"href":"https:\/\/www.evearly.news\/fr\/wp-json\/wp\/v2\/posts\/315361\/revisions"}],"wp:featuredmedia":[{"embeddable":true,"href":"https:\/\/www.evearly.news\/fr\/wp-json\/wp\/v2\/media\/315362"}],"wp:attachment":[{"href":"https:\/\/www.evearly.news\/fr\/wp-json\/wp\/v2\/media?parent=315361"}],"wp:term":[{"taxonomy":"category","embeddable":true,"href":"https:\/\/www.evearly.news\/fr\/wp-json\/wp\/v2\/categories?post=315361"},{"taxonomy":"post_tag","embeddable":true,"href":"https:\/\/www.evearly.news\/fr\/wp-json\/wp\/v2\/tags?post=315361"}],"curies":[{"name":"wp","href":"https:\/\/api.w.org\/{rel}","templated":true}]}}