{"id":315367,"date":"2026-01-15T08:00:00","date_gmt":"2026-01-15T07:00:00","guid":{"rendered":"https:\/\/www.evearly.news\/fr\/comment-leurope-est-devenue-le-nouveau-moteur-mondial-de-la-voiture-electrique\/"},"modified":"2026-01-15T08:00:00","modified_gmt":"2026-01-15T07:00:00","slug":"comment-leurope-est-devenue-le-nouveau-moteur-mondial-de-la-voiture-electrique","status":"publish","type":"post","link":"https:\/\/www.evearly.news\/fr\/comment-leurope-est-devenue-le-nouveau-moteur-mondial-de-la-voiture-electrique\/","title":{"rendered":"Comment l\u2019Europe est devenue\u00a0le nouveau moteur mondial de la voiture \u00e9lectrique"},"content":{"rendered":"<p><img decoding=\"async\" src=\"https:\/\/www.evearly.news\/fr\/wp-content\/uploads\/sites\/6\/2026\/01\/comment-leurope-est-devenue-le-nouveau-moteur-mondial-de-la-voiture-electrique.jpg\" alt=\"caradisiac\" ><br \/>Pendant longtemps, l\u2019Europe a regard\u00e9 le train de l\u2019\u00e9lectrique passer. Avant de revenir aux avant-postes d\u2019un paysage automobile en pleine recomposition et de s\u2019imposer comme le centre de gravit\u00e9 de l\u2019\u00e9lectromobilit\u00e9 mondiale. Port\u00e9e par trois march\u00e9s cl\u00e9s. <a href=https:\/\/www.caradisiac.com\/comment-l-europe-est-devenu-le-nouveau-moteur-mondial-de-la-voiture-electrique-219879.htm#xtor=RSS-40 target=blank>Lire la suite&#8230;<\/a><\/p>\n","protected":false},"excerpt":{"rendered":"<p><img decoding=\"async\" src=\"https:\/\/www.evearly.news\/fr\/wp-content\/uploads\/sites\/6\/2026\/01\/comment-leurope-est-devenue-le-nouveau-moteur-mondial-de-la-voiture-electrique.jpg\" alt=\"caradisiac\"><br \/>Pendant longtemps, l\u2019Europe a regard\u00e9 le train de l\u2019\u00e9lectrique passer. Avant de revenir aux avant-postes d\u2019un paysage automobile en pleine recomposition et de s\u2019imposer comme le centre de gravit\u00e9 de l\u2019\u00e9lectromobilit\u00e9 mondiale. Port\u00e9e par trois march\u00e9s cl\u00e9s.<\/p>\n<p> <a class=\"continue-reading-link\" href=\"https:\/\/www.evearly.news\/fr\/comment-leurope-est-devenue-le-nouveau-moteur-mondial-de-la-voiture-electrique\/\"><\/a><\/p>\n","protected":false},"author":11,"featured_media":315368,"comment_status":"closed","ping_status":"open","sticky":false,"template":"Default","format":"standard","meta":{"footnotes":""},"categories":[11],"tags":[],"class_list":["post-315367","post","type-post","status-publish","format-standard","has-post-thumbnail","hentry","category-caradisiac"],"_links":{"self":[{"href":"https:\/\/www.evearly.news\/fr\/wp-json\/wp\/v2\/posts\/315367","targetHints":{"allow":["GET"]}}],"collection":[{"href":"https:\/\/www.evearly.news\/fr\/wp-json\/wp\/v2\/posts"}],"about":[{"href":"https:\/\/www.evearly.news\/fr\/wp-json\/wp\/v2\/types\/post"}],"author":[{"embeddable":true,"href":"https:\/\/www.evearly.news\/fr\/wp-json\/wp\/v2\/users\/11"}],"replies":[{"embeddable":true,"href":"https:\/\/www.evearly.news\/fr\/wp-json\/wp\/v2\/comments?post=315367"}],"version-history":[{"count":0,"href":"https:\/\/www.evearly.news\/fr\/wp-json\/wp\/v2\/posts\/315367\/revisions"}],"wp:featuredmedia":[{"embeddable":true,"href":"https:\/\/www.evearly.news\/fr\/wp-json\/wp\/v2\/media\/315368"}],"wp:attachment":[{"href":"https:\/\/www.evearly.news\/fr\/wp-json\/wp\/v2\/media?parent=315367"}],"wp:term":[{"taxonomy":"category","embeddable":true,"href":"https:\/\/www.evearly.news\/fr\/wp-json\/wp\/v2\/categories?post=315367"},{"taxonomy":"post_tag","embeddable":true,"href":"https:\/\/www.evearly.news\/fr\/wp-json\/wp\/v2\/tags?post=315367"}],"curies":[{"name":"wp","href":"https:\/\/api.w.org\/{rel}","templated":true}]}}