{"id":315373,"date":"2026-01-15T09:58:41","date_gmt":"2026-01-15T08:58:41","guid":{"rendered":"https:\/\/www.evearly.news\/fr\/geely-en-france-voici-les-5-voitures-qui-pourraient-debarquer-tres-bientot\/"},"modified":"2026-01-15T09:58:41","modified_gmt":"2026-01-15T08:58:41","slug":"geely-en-france-voici-les-5-voitures-qui-pourraient-debarquer-tres-bientot","status":"publish","type":"post","link":"https:\/\/www.evearly.news\/fr\/geely-en-france-voici-les-5-voitures-qui-pourraient-debarquer-tres-bientot\/","title":{"rendered":"Geely en France : voici les 5 voitures qui pourraient d\u00e9barquer tr\u00e8s bient\u00f4t"},"content":{"rendered":"<p><img width=\"1200\" height=\"675\" src=\"https:\/\/www.evearly.news\/fr\/wp-content\/uploads\/sites\/6\/2026\/01\/geely-en-france-voici-les-5-voitures-qui-pourraient-debarquer-tres-bientot.jpg\" class=\"attachment-full size-full wp-post-image\" alt=\"\" decoding=\"async\" loading=\"lazy\" \/<br \/>\nGeely, le mastodonte qui poss\u00e8de d\u00e9j\u00e0 Volvo, Lotus et Zeekr, semble enfin pr\u00eat \u00e0 mettre son propre nom sur des voitures en France. Le signe qui ne trompe pas ? Le recrutement de Jean-Briac Dalibard, un ancien de MG et BYD, pour g\u00e9rer la presse.<br \/>\n <a href=https:\/\/www.frandroid.com\/survoltes\/voitures-electriques\/2943553_geely-en-france-voici-les-5-voitures-qui-pourraient-debarquer-tres-bientot target='blank'>Lire la suite&#8230;<\/a><\/p>\n","protected":false},"excerpt":{"rendered":"<p>&lt;img width=&quot;1200&quot; height=&quot;675&quot; src=&quot;https:\/\/www.evearly.news\/fr\/wp-content\/uploads\/sites\/6\/2026\/01\/geely-en-france-voici-les-5-voitures-qui-pourraient-debarquer-tres-bientot.jpg&quot; class=&quot;attachment-full size-full wp-post-image&quot; alt=&quot;&quot; decoding=&quot;async&quot; loading=&quot;lazy&quot; \/<br \/>\nGeely, le mastodonte qui poss\u00e8de d\u00e9j\u00e0 Volvo, Lotus et Zeekr, semble enfin pr\u00eat \u00e0 mettre son propre nom sur des voitures en France. Le signe qui ne trompe pas ? Le recrutement de Jean-Briac Dalibard, un ancien de MG et BYD, pour g\u00e9rer la presse.\n<\/p>\n<p> <a class=\"continue-reading-link\" href=\"https:\/\/www.evearly.news\/fr\/geely-en-france-voici-les-5-voitures-qui-pourraient-debarquer-tres-bientot\/\"><\/a><\/p>\n","protected":false},"author":6,"featured_media":315374,"comment_status":"closed","ping_status":"open","sticky":false,"template":"Default","format":"standard","meta":{"footnotes":""},"categories":[14],"tags":[],"class_list":["post-315373","post","type-post","status-publish","format-standard","has-post-thumbnail","hentry","category-frandroid"],"_links":{"self":[{"href":"https:\/\/www.evearly.news\/fr\/wp-json\/wp\/v2\/posts\/315373","targetHints":{"allow":["GET"]}}],"collection":[{"href":"https:\/\/www.evearly.news\/fr\/wp-json\/wp\/v2\/posts"}],"about":[{"href":"https:\/\/www.evearly.news\/fr\/wp-json\/wp\/v2\/types\/post"}],"author":[{"embeddable":true,"href":"https:\/\/www.evearly.news\/fr\/wp-json\/wp\/v2\/users\/6"}],"replies":[{"embeddable":true,"href":"https:\/\/www.evearly.news\/fr\/wp-json\/wp\/v2\/comments?post=315373"}],"version-history":[{"count":0,"href":"https:\/\/www.evearly.news\/fr\/wp-json\/wp\/v2\/posts\/315373\/revisions"}],"wp:featuredmedia":[{"embeddable":true,"href":"https:\/\/www.evearly.news\/fr\/wp-json\/wp\/v2\/media\/315374"}],"wp:attachment":[{"href":"https:\/\/www.evearly.news\/fr\/wp-json\/wp\/v2\/media?parent=315373"}],"wp:term":[{"taxonomy":"category","embeddable":true,"href":"https:\/\/www.evearly.news\/fr\/wp-json\/wp\/v2\/categories?post=315373"},{"taxonomy":"post_tag","embeddable":true,"href":"https:\/\/www.evearly.news\/fr\/wp-json\/wp\/v2\/tags?post=315373"}],"curies":[{"name":"wp","href":"https:\/\/api.w.org\/{rel}","templated":true}]}}