{"id":315379,"date":"2026-01-15T10:32:03","date_gmt":"2026-01-15T09:32:03","guid":{"rendered":"https:\/\/www.evearly.news\/fr\/opel-casse-les-prix-de-sa-corsa-electrique-qui-devient-plus-interessante-que-la-renault-5\/"},"modified":"2026-01-15T10:32:03","modified_gmt":"2026-01-15T09:32:03","slug":"opel-casse-les-prix-de-sa-corsa-electrique-qui-devient-plus-interessante-que-la-renault-5","status":"publish","type":"post","link":"https:\/\/www.evearly.news\/fr\/opel-casse-les-prix-de-sa-corsa-electrique-qui-devient-plus-interessante-que-la-renault-5\/","title":{"rendered":"Opel casse les prix de sa Corsa \u00e9lectrique, qui devient plus int\u00e9ressante que la Renault 5"},"content":{"rendered":"<p><img loading=\"lazy\" width=\"1200\" height=\"675\" src=\"https:\/\/www.evearly.news\/fr\/wp-content\/uploads\/sites\/6\/2026\/01\/opel-casse-les-prix-de-sa-corsa-electrique-qui-devient-plus-interessante-que-la-renault-5.jpg\" class=\"attachment-full size-full wp-post-image\" alt=\"\" decoding=\"async\" \/<br \/>\nBonne nouvelle, Opel baisse le prix de sa Corsa, avec l\u2019arriv\u00e9e d\u2019une nouvelle finition Edition. La petite voiture \u00e9lectrique est d\u00e9sormais affich\u00e9e sous la barre des 28 000 euros et est plus abordable que la Renault 5 E-Tech.<br \/>\n <a href=https:\/\/www.frandroid.com\/marques\/2943397_opel-casse-les-prix-de-sa-corsa-electrique-qui-devient-plus-interessante-que-la-renault-5 target='blank'>Lire la suite&#8230;<\/a><\/p>\n","protected":false},"excerpt":{"rendered":"<p>&lt;img width=&quot;1200&quot; height=&quot;675&quot; src=&quot;https:\/\/www.evearly.news\/fr\/wp-content\/uploads\/sites\/6\/2026\/01\/opel-casse-les-prix-de-sa-corsa-electrique-qui-devient-plus-interessante-que-la-renault-5.jpg&quot; class=&quot;attachment-full size-full wp-post-image&quot; alt=&quot;&quot; decoding=&quot;async&quot; \/<br \/>\nBonne nouvelle, Opel baisse le prix de sa Corsa, avec l\u2019arriv\u00e9e d\u2019une nouvelle finition Edition. La petite voiture \u00e9lectrique est d\u00e9sormais affich\u00e9e sous la barre des 28 000 euros et est plus abordable que la Renault 5 E-Tech.\n<\/p>\n<p> <a class=\"continue-reading-link\" href=\"https:\/\/www.evearly.news\/fr\/opel-casse-les-prix-de-sa-corsa-electrique-qui-devient-plus-interessante-que-la-renault-5\/\"><\/a><\/p>\n","protected":false},"author":6,"featured_media":315380,"comment_status":"closed","ping_status":"open","sticky":false,"template":"Default","format":"standard","meta":{"footnotes":""},"categories":[14],"tags":[],"class_list":["post-315379","post","type-post","status-publish","format-standard","has-post-thumbnail","hentry","category-frandroid"],"_links":{"self":[{"href":"https:\/\/www.evearly.news\/fr\/wp-json\/wp\/v2\/posts\/315379","targetHints":{"allow":["GET"]}}],"collection":[{"href":"https:\/\/www.evearly.news\/fr\/wp-json\/wp\/v2\/posts"}],"about":[{"href":"https:\/\/www.evearly.news\/fr\/wp-json\/wp\/v2\/types\/post"}],"author":[{"embeddable":true,"href":"https:\/\/www.evearly.news\/fr\/wp-json\/wp\/v2\/users\/6"}],"replies":[{"embeddable":true,"href":"https:\/\/www.evearly.news\/fr\/wp-json\/wp\/v2\/comments?post=315379"}],"version-history":[{"count":0,"href":"https:\/\/www.evearly.news\/fr\/wp-json\/wp\/v2\/posts\/315379\/revisions"}],"wp:featuredmedia":[{"embeddable":true,"href":"https:\/\/www.evearly.news\/fr\/wp-json\/wp\/v2\/media\/315380"}],"wp:attachment":[{"href":"https:\/\/www.evearly.news\/fr\/wp-json\/wp\/v2\/media?parent=315379"}],"wp:term":[{"taxonomy":"category","embeddable":true,"href":"https:\/\/www.evearly.news\/fr\/wp-json\/wp\/v2\/categories?post=315379"},{"taxonomy":"post_tag","embeddable":true,"href":"https:\/\/www.evearly.news\/fr\/wp-json\/wp\/v2\/tags?post=315379"}],"curies":[{"name":"wp","href":"https:\/\/api.w.org\/{rel}","templated":true}]}}