{"id":315384,"date":"2026-01-15T11:50:05","date_gmt":"2026-01-15T10:50:05","guid":{"rendered":"https:\/\/www.evearly.news\/fr\/a-peine-lancee-la-kia-ev4-beneficie-deja-dune-belle-remise-associee-au-bonus-ecologique\/"},"modified":"2026-01-15T11:50:05","modified_gmt":"2026-01-15T10:50:05","slug":"a-peine-lancee-la-kia-ev4-beneficie-deja-dune-belle-remise-associee-au-bonus-ecologique","status":"publish","type":"post","link":"https:\/\/www.evearly.news\/fr\/a-peine-lancee-la-kia-ev4-beneficie-deja-dune-belle-remise-associee-au-bonus-ecologique\/","title":{"rendered":"A peine lanc\u00e9e, la Kia EV4 b\u00e9n\u00e9ficie d\u00e9j\u00e0 d\u2019une belle remise associ\u00e9e au bonus \u00e9cologique"},"content":{"rendered":"<p><img decoding=\"async\" src=\"https:\/\/www.evearly.news\/fr\/wp-content\/uploads\/sites\/6\/2026\/01\/a-peine-lancee-la-kia-ev4-beneficie-deja-dune-belle-remise-associee-au-bonus-ecologique.webp\" alt=\"auto-moto\"><br \/>En plein lancement commercial, la compacte \u00e9lectrique EV4 de Kia s\u2019offre d\u00e9j\u00e0 une remise de 3 500 \u20ac \u00e0 combiner au bonus \u00e9cologique. En cumulant toutes les aides, le tarif peut descendre sous la barre des 28 000 \u20ac. <a href=https:\/\/www.auto-moto.com\/prix-du-neuf\/kia-ev4-remise-68178 target=blank>Lire la suite&#8230;<\/a><\/p>\n","protected":false},"excerpt":{"rendered":"<p>En plein lancement commercial, la compacte \u00e9lectrique EV4 de Kia s\u2019offre d\u00e9j\u00e0 une remise de 3 500 \u20ac \u00e0 combiner au bonus \u00e9cologique. En cumulant toutes les aides, le tarif peut descendre sous la barre des 28 000 \u20ac&#8230;. <a class=\"continue-reading-link\" href=\"https:\/\/www.evearly.news\/fr\/a-peine-lancee-la-kia-ev4-beneficie-deja-dune-belle-remise-associee-au-bonus-ecologique\/\"><\/a><\/p>\n","protected":false},"author":9,"featured_media":315385,"comment_status":"closed","ping_status":"open","sticky":false,"template":"Default","format":"standard","meta":{"footnotes":""},"categories":[10],"tags":[],"class_list":["post-315384","post","type-post","status-publish","format-standard","has-post-thumbnail","hentry","category-auto-moto-com"],"_links":{"self":[{"href":"https:\/\/www.evearly.news\/fr\/wp-json\/wp\/v2\/posts\/315384","targetHints":{"allow":["GET"]}}],"collection":[{"href":"https:\/\/www.evearly.news\/fr\/wp-json\/wp\/v2\/posts"}],"about":[{"href":"https:\/\/www.evearly.news\/fr\/wp-json\/wp\/v2\/types\/post"}],"author":[{"embeddable":true,"href":"https:\/\/www.evearly.news\/fr\/wp-json\/wp\/v2\/users\/9"}],"replies":[{"embeddable":true,"href":"https:\/\/www.evearly.news\/fr\/wp-json\/wp\/v2\/comments?post=315384"}],"version-history":[{"count":0,"href":"https:\/\/www.evearly.news\/fr\/wp-json\/wp\/v2\/posts\/315384\/revisions"}],"wp:featuredmedia":[{"embeddable":true,"href":"https:\/\/www.evearly.news\/fr\/wp-json\/wp\/v2\/media\/315385"}],"wp:attachment":[{"href":"https:\/\/www.evearly.news\/fr\/wp-json\/wp\/v2\/media?parent=315384"}],"wp:term":[{"taxonomy":"category","embeddable":true,"href":"https:\/\/www.evearly.news\/fr\/wp-json\/wp\/v2\/categories?post=315384"},{"taxonomy":"post_tag","embeddable":true,"href":"https:\/\/www.evearly.news\/fr\/wp-json\/wp\/v2\/tags?post=315384"}],"curies":[{"name":"wp","href":"https:\/\/api.w.org\/{rel}","templated":true}]}}