{"id":315394,"date":"2026-01-15T12:12:13","date_gmt":"2026-01-15T11:12:13","guid":{"rendered":"https:\/\/www.evearly.news\/fr\/voici-la-meilleure-voiture-electrique-de-nissan-elle-ecrase-la-gamme-europeenne-mais-il-y-a-un-hic\/"},"modified":"2026-01-15T12:12:13","modified_gmt":"2026-01-15T11:12:13","slug":"voici-la-meilleure-voiture-electrique-de-nissan-elle-ecrase-la-gamme-europeenne-mais-il-y-a-un-hic","status":"publish","type":"post","link":"https:\/\/www.evearly.news\/fr\/voici-la-meilleure-voiture-electrique-de-nissan-elle-ecrase-la-gamme-europeenne-mais-il-y-a-un-hic\/","title":{"rendered":"Voici la meilleure voiture \u00e9lectrique de Nissan : elle \u00e9crase la gamme europ\u00e9enne, mais il y a un hic"},"content":{"rendered":"<p><img width=\"1200\" height=\"675\" src=\"https:\/\/www.evearly.news\/fr\/wp-content\/uploads\/sites\/6\/2026\/01\/voici-la-meilleure-voiture-electrique-de-nissan-elle-ecrase-la-gamme-europeenne-mais-il-y-a-un-hic.jpg\" class=\"attachment-full size-full wp-post-image\" alt=\"\" decoding=\"async\" loading=\"lazy\" \/<br \/>\nSi la gamme europ\u00e9enne des voitures \u00e9lectriques de Nissan semble enfin se dynamiser, la marque japonaise va bien plus loin en Chine avec la pr\u00e9sentation du NX8, un SUV \u00e0 la recharge ultra-rapide et \u00e0 l&rsquo;int\u00e9rieur futuriste.<br \/>\n <a href=https:\/\/www.frandroid.com\/marques\/nissan\/2943723_voici-la-meilleure-voiture-electrique-de-nissan-elle-ecrase-la-gamme-europeenne-mais-il-y-a-un-hic target='blank'>Lire la suite&#8230;<\/a><\/p>\n","protected":false},"excerpt":{"rendered":"<p>&lt;img width=&quot;1200&quot; height=&quot;675&quot; src=&quot;https:\/\/www.evearly.news\/fr\/wp-content\/uploads\/sites\/6\/2026\/01\/voici-la-meilleure-voiture-electrique-de-nissan-elle-ecrase-la-gamme-europeenne-mais-il-y-a-un-hic.jpg&quot; class=&quot;attachment-full size-full wp-post-image&quot; alt=&quot;&quot; decoding=&quot;async&quot; loading=&quot;lazy&quot; \/<br \/>\nSi la gamme europ\u00e9enne des voitures \u00e9lectriques de Nissan semble enfin se dynamiser, la marque japonaise va bien plus loin en Chine avec la pr\u00e9sentation du NX8, un SUV \u00e0 la recharge ultra-rapide et \u00e0 l&rsquo;int\u00e9rieur futuriste.\n<\/p>\n<p> <a class=\"continue-reading-link\" href=\"https:\/\/www.evearly.news\/fr\/voici-la-meilleure-voiture-electrique-de-nissan-elle-ecrase-la-gamme-europeenne-mais-il-y-a-un-hic\/\"><\/a><\/p>\n","protected":false},"author":6,"featured_media":315395,"comment_status":"closed","ping_status":"open","sticky":false,"template":"Default","format":"standard","meta":{"footnotes":""},"categories":[14],"tags":[],"class_list":["post-315394","post","type-post","status-publish","format-standard","has-post-thumbnail","hentry","category-frandroid"],"_links":{"self":[{"href":"https:\/\/www.evearly.news\/fr\/wp-json\/wp\/v2\/posts\/315394","targetHints":{"allow":["GET"]}}],"collection":[{"href":"https:\/\/www.evearly.news\/fr\/wp-json\/wp\/v2\/posts"}],"about":[{"href":"https:\/\/www.evearly.news\/fr\/wp-json\/wp\/v2\/types\/post"}],"author":[{"embeddable":true,"href":"https:\/\/www.evearly.news\/fr\/wp-json\/wp\/v2\/users\/6"}],"replies":[{"embeddable":true,"href":"https:\/\/www.evearly.news\/fr\/wp-json\/wp\/v2\/comments?post=315394"}],"version-history":[{"count":0,"href":"https:\/\/www.evearly.news\/fr\/wp-json\/wp\/v2\/posts\/315394\/revisions"}],"wp:featuredmedia":[{"embeddable":true,"href":"https:\/\/www.evearly.news\/fr\/wp-json\/wp\/v2\/media\/315395"}],"wp:attachment":[{"href":"https:\/\/www.evearly.news\/fr\/wp-json\/wp\/v2\/media?parent=315394"}],"wp:term":[{"taxonomy":"category","embeddable":true,"href":"https:\/\/www.evearly.news\/fr\/wp-json\/wp\/v2\/categories?post=315394"},{"taxonomy":"post_tag","embeddable":true,"href":"https:\/\/www.evearly.news\/fr\/wp-json\/wp\/v2\/tags?post=315394"}],"curies":[{"name":"wp","href":"https:\/\/api.w.org\/{rel}","templated":true}]}}