{"id":315396,"date":"2026-01-15T12:20:04","date_gmt":"2026-01-15T11:20:04","guid":{"rendered":"https:\/\/www.evearly.news\/fr\/une-evolution-minimaliste-pour-la-nouvelle-peugeot-e-408\/"},"modified":"2026-01-15T12:20:04","modified_gmt":"2026-01-15T11:20:04","slug":"une-evolution-minimaliste-pour-la-nouvelle-peugeot-e-408","status":"publish","type":"post","link":"https:\/\/www.evearly.news\/fr\/une-evolution-minimaliste-pour-la-nouvelle-peugeot-e-408\/","title":{"rendered":"Une \u00e9volution minimaliste pour la nouvelle Peugeot E-408"},"content":{"rendered":"<p><img width=\"1000\" height=\"563\" src=\"https:\/\/www.evearly.news\/fr\/wp-content\/uploads\/sites\/6\/2026\/01\/une-evolution-minimaliste-pour-la-nouvelle-peugeot-e-408.jpg\" class=\"attachment-post-thumbnail size-post-thumbnail wp-post-image\" alt=\"Evolution Nouvelle Peugeot E-408\" decoding=\"async\" fetchpriority=\"high\" srcset=\"https:\/\/www.evearly.news\/fr\/wp-content\/uploads\/sites\/6\/2026\/01\/une-evolution-minimaliste-pour-la-nouvelle-peugeot-e-408.jpg 1000w, https:\/\/www.evearly.news\/fr\/wp-content\/uploads\/sites\/6\/2026\/01\/une-evolution-minimaliste-pour-la-nouvelle-peugeot-e-408-1.jpg 300w, https:\/\/www.evearly.news\/fr\/wp-content\/uploads\/sites\/6\/2026\/01\/une-evolution-minimaliste-pour-la-nouvelle-peugeot-e-408-2.jpg 998w, https:\/\/www.avem.fr\/wp-content\/uploads\/2026\/01\/Evolution-Peugeot-E-408-Une-768x432.jpg 768w\" sizes=\"(max-width: 1000px) 100vw, 1000px\" \/>Depuis sa pr\u00e9sentation en 2022, la Peugeot 408 n\u2019a gu\u00e8re rencontr\u00e9 le succ\u00e8s. Le lancement d\u2019une version 100% \u00e9lectrique E-408 en 2024 n\u2019a pas non plus suscit\u00e9 un r\u00e9el int\u00e9r\u00eat. Pour relancer cette berline fastback, Peugeot en pr\u00e9sente actuellement une nouvelle 408 au Salon de l\u2019Auto de Bruxelles. Malheureusement, l\u2019\u00e9volution [\u2026] <a href=https:\/\/www.avem.fr\/2026\/01\/15\/une-evolution-minimaliste-pour-la-nouvelle-peugeot-e-408\/ target=blank>Lire la suite&#8230;<\/a><\/p>\n","protected":false},"excerpt":{"rendered":"<p><img loading=\"lazy\" decoding=\"async\" width=\"1000\" height=\"563\" src=\"https:\/\/www.evearly.news\/fr\/wp-content\/uploads\/sites\/6\/2026\/01\/une-evolution-minimaliste-pour-la-nouvelle-peugeot-e-408.jpg\" class=\"attachment-post-thumbnail size-post-thumbnail wp-post-image\" alt=\"Evolution Nouvelle Peugeot E-408\" \/>Depuis sa pr\u00e9sentation en 2022, la Peugeot 408 n\u2019a gu\u00e8re rencontr\u00e9 le succ\u00e8s. Le lancement d\u2019une version 100% \u00e9lectrique E-408 en 2024 n\u2019a pas non plus suscit\u00e9 un r\u00e9el int\u00e9r\u00eat. Pour relancer cette berline fastback, Peugeot en pr\u00e9sente actuellement une nouvelle 408 au Salon de l\u2019Auto de Bruxelles. Malheureusement, l\u2019\u00e9volution [\u2026] <a class=\"continue-reading-link\" href=\"https:\/\/www.evearly.news\/fr\/une-evolution-minimaliste-pour-la-nouvelle-peugeot-e-408\/\"><\/a><\/p>\n","protected":false},"author":3,"featured_media":315397,"comment_status":"closed","ping_status":"open","sticky":false,"template":"Default","format":"standard","meta":{"footnotes":""},"categories":[3],"tags":[],"class_list":["post-315396","post","type-post","status-publish","format-standard","has-post-thumbnail","hentry","category-avem"],"_links":{"self":[{"href":"https:\/\/www.evearly.news\/fr\/wp-json\/wp\/v2\/posts\/315396","targetHints":{"allow":["GET"]}}],"collection":[{"href":"https:\/\/www.evearly.news\/fr\/wp-json\/wp\/v2\/posts"}],"about":[{"href":"https:\/\/www.evearly.news\/fr\/wp-json\/wp\/v2\/types\/post"}],"author":[{"embeddable":true,"href":"https:\/\/www.evearly.news\/fr\/wp-json\/wp\/v2\/users\/3"}],"replies":[{"embeddable":true,"href":"https:\/\/www.evearly.news\/fr\/wp-json\/wp\/v2\/comments?post=315396"}],"version-history":[{"count":0,"href":"https:\/\/www.evearly.news\/fr\/wp-json\/wp\/v2\/posts\/315396\/revisions"}],"wp:featuredmedia":[{"embeddable":true,"href":"https:\/\/www.evearly.news\/fr\/wp-json\/wp\/v2\/media\/315397"}],"wp:attachment":[{"href":"https:\/\/www.evearly.news\/fr\/wp-json\/wp\/v2\/media?parent=315396"}],"wp:term":[{"taxonomy":"category","embeddable":true,"href":"https:\/\/www.evearly.news\/fr\/wp-json\/wp\/v2\/categories?post=315396"},{"taxonomy":"post_tag","embeddable":true,"href":"https:\/\/www.evearly.news\/fr\/wp-json\/wp\/v2\/tags?post=315396"}],"curies":[{"name":"wp","href":"https:\/\/api.w.org\/{rel}","templated":true}]}}