{"id":315429,"date":"2026-01-16T08:04:01","date_gmt":"2026-01-16T07:04:01","guid":{"rendered":"https:\/\/www.evearly.news\/fr\/politique-anti-electrique-de-trump-pourquoi-tesla-na-plus-le-choix-et-va-produire-ses-batteries-en-allemagne-des-2027\/"},"modified":"2026-01-16T08:04:01","modified_gmt":"2026-01-16T07:04:01","slug":"politique-anti-electrique-de-trump-pourquoi-tesla-na-plus-le-choix-et-va-produire-ses-batteries-en-allemagne-des-2027","status":"publish","type":"post","link":"https:\/\/www.evearly.news\/fr\/politique-anti-electrique-de-trump-pourquoi-tesla-na-plus-le-choix-et-va-produire-ses-batteries-en-allemagne-des-2027\/","title":{"rendered":"Politique anti-\u00e9lectrique de Trump : pourquoi Tesla n\u2019a plus le choix et va produire ses batteries en Allemagne d\u00e8s 2027"},"content":{"rendered":"<div class=\"media_block\"><img decoding=\"async\" src=\"https:\/\/www.evearly.news\/fr\/wp-content\/uploads\/sites\/6\/2026\/01\/politique-anti-electrique-de-trump-pourquoi-tesla-na-plus-le-choix-et-va-produire-ses-batteries-en-allemagne-des-2027.jpg\"><\/div>\n<p>Le retournement est aussi industriel que politique. Alors que les \u00c9tats-Unis durcissent leur position vis-\u00e0-vis de la voiture \u00e9lectrique depuis le retour de Donald Trump, Tesla pr\u00e9pare un virage strat\u00e9gique majeur en Europe. \u00c0 partir de 2027, le constructeur pr\u00e9voit de produire des batteries directement dans son usine allemande de Gr\u00fcnheide. Une d\u00e9cision dict\u00e9e par la g\u00e9opolitique, la concurrence chinoise et l\u2019effondrement des ventes europ\u00e9ennes. <a href=https:\/\/www.automobile-magazine.fr\/voitures-electriques\/article\/50728-politique-anti-electrique-de-trump-pourquoi-tesla-na-plus-le-choix-et-va-produire-ses-batteries-en-allemagne-des-2027 target='bwindow'>Lire la suite&#8230;<\/a><\/p>\n","protected":false},"excerpt":{"rendered":"<div class=\"media_block\"><img decoding=\"async\" src=\"https:\/\/www.evearly.news\/fr\/wp-content\/uploads\/sites\/6\/2026\/01\/politique-anti-electrique-de-trump-pourquoi-tesla-na-plus-le-choix-et-va-produire-ses-batteries-en-allemagne-des-2027.jpg\"><\/div>\n<p> <a class=\"continue-reading-link\" href=\"https:\/\/www.evearly.news\/fr\/politique-anti-electrique-de-trump-pourquoi-tesla-na-plus-le-choix-et-va-produire-ses-batteries-en-allemagne-des-2027\/\"><\/a><\/p>\n","protected":false},"author":7,"featured_media":315430,"comment_status":"closed","ping_status":"open","sticky":false,"template":"Default","format":"standard","meta":{"footnotes":""},"categories":[7],"tags":[],"class_list":["post-315429","post","type-post","status-publish","format-standard","has-post-thumbnail","hentry","category-automobile-magazine"],"_links":{"self":[{"href":"https:\/\/www.evearly.news\/fr\/wp-json\/wp\/v2\/posts\/315429","targetHints":{"allow":["GET"]}}],"collection":[{"href":"https:\/\/www.evearly.news\/fr\/wp-json\/wp\/v2\/posts"}],"about":[{"href":"https:\/\/www.evearly.news\/fr\/wp-json\/wp\/v2\/types\/post"}],"author":[{"embeddable":true,"href":"https:\/\/www.evearly.news\/fr\/wp-json\/wp\/v2\/users\/7"}],"replies":[{"embeddable":true,"href":"https:\/\/www.evearly.news\/fr\/wp-json\/wp\/v2\/comments?post=315429"}],"version-history":[{"count":0,"href":"https:\/\/www.evearly.news\/fr\/wp-json\/wp\/v2\/posts\/315429\/revisions"}],"wp:featuredmedia":[{"embeddable":true,"href":"https:\/\/www.evearly.news\/fr\/wp-json\/wp\/v2\/media\/315430"}],"wp:attachment":[{"href":"https:\/\/www.evearly.news\/fr\/wp-json\/wp\/v2\/media?parent=315429"}],"wp:term":[{"taxonomy":"category","embeddable":true,"href":"https:\/\/www.evearly.news\/fr\/wp-json\/wp\/v2\/categories?post=315429"},{"taxonomy":"post_tag","embeddable":true,"href":"https:\/\/www.evearly.news\/fr\/wp-json\/wp\/v2\/tags?post=315429"}],"curies":[{"name":"wp","href":"https:\/\/api.w.org\/{rel}","templated":true}]}}