{"id":315431,"date":"2026-01-16T08:04:38","date_gmt":"2026-01-16T07:04:38","guid":{"rendered":"https:\/\/www.evearly.news\/fr\/futur-volkswagen-id-cross-premieres-photos-du-suv-urbain-electrique-sans-camouflage\/"},"modified":"2026-01-16T08:04:38","modified_gmt":"2026-01-16T07:04:38","slug":"futur-volkswagen-id-cross-premieres-photos-du-suv-urbain-electrique-sans-camouflage","status":"publish","type":"post","link":"https:\/\/www.evearly.news\/fr\/futur-volkswagen-id-cross-premieres-photos-du-suv-urbain-electrique-sans-camouflage\/","title":{"rendered":"Futur Volkswagen ID.Cross : premi\u00e8res photos du SUV urbain \u00e9lectrique sans camouflage !"},"content":{"rendered":"<div class=\"media_block\"><img decoding=\"async\" src=\"https:\/\/www.evearly.news\/fr\/wp-content\/uploads\/sites\/6\/2026\/01\/futur-volkswagen-id-cross-premieres-photos-du-suv-urbain-electrique-sans-camouflage.jpg\"><\/div>\n<p>Cet \u00e9t\u00e9 Volkswagen pr\u00e9sentera la version de s\u00e9rie de son SUV urbain \u00e9lectrique ID.Cross. Ce mod\u00e8le remplacera \u00e0 terme le T-Cross et investira le segment des Renault 4 E-Tech, Jeep Avenger, Mini Aceman et Kia EV2. Nos paparazzis viennent de le d\u00e9busquer en pleine phase de test hivernal dans la neige en Su\u00e8de o\u00f9 il esp\u00e9rait se fondre dans le d\u00e9cor par une livr\u00e9e d\u2019un blanc immacul\u00e9. Mais attention aux apparences, il garde encore, \u00e0 des endroits strat\u00e9giques, des leurres autocollants. Portrait du cousin technique de l\u2019ID.Polo et du Skoda Epiq. <a href=https:\/\/www.automobile-magazine.fr\/voitures-electriques\/article\/50726-futur-volkswagen-idcross-premieres-photos-du-suv-urbain-electrique-sans-camouflage target='bwindow'>Lire la suite&#8230;<\/a><\/p>\n","protected":false},"excerpt":{"rendered":"<div class=\"media_block\"><img decoding=\"async\" src=\"https:\/\/www.evearly.news\/fr\/wp-content\/uploads\/sites\/6\/2026\/01\/futur-volkswagen-id-cross-premieres-photos-du-suv-urbain-electrique-sans-camouflage.jpg\"><\/div>\n<p> <a class=\"continue-reading-link\" href=\"https:\/\/www.evearly.news\/fr\/futur-volkswagen-id-cross-premieres-photos-du-suv-urbain-electrique-sans-camouflage\/\"><\/a><\/p>\n","protected":false},"author":7,"featured_media":315432,"comment_status":"closed","ping_status":"open","sticky":false,"template":"Default","format":"standard","meta":{"footnotes":""},"categories":[7],"tags":[],"class_list":["post-315431","post","type-post","status-publish","format-standard","has-post-thumbnail","hentry","category-automobile-magazine"],"_links":{"self":[{"href":"https:\/\/www.evearly.news\/fr\/wp-json\/wp\/v2\/posts\/315431","targetHints":{"allow":["GET"]}}],"collection":[{"href":"https:\/\/www.evearly.news\/fr\/wp-json\/wp\/v2\/posts"}],"about":[{"href":"https:\/\/www.evearly.news\/fr\/wp-json\/wp\/v2\/types\/post"}],"author":[{"embeddable":true,"href":"https:\/\/www.evearly.news\/fr\/wp-json\/wp\/v2\/users\/7"}],"replies":[{"embeddable":true,"href":"https:\/\/www.evearly.news\/fr\/wp-json\/wp\/v2\/comments?post=315431"}],"version-history":[{"count":0,"href":"https:\/\/www.evearly.news\/fr\/wp-json\/wp\/v2\/posts\/315431\/revisions"}],"wp:featuredmedia":[{"embeddable":true,"href":"https:\/\/www.evearly.news\/fr\/wp-json\/wp\/v2\/media\/315432"}],"wp:attachment":[{"href":"https:\/\/www.evearly.news\/fr\/wp-json\/wp\/v2\/media?parent=315431"}],"wp:term":[{"taxonomy":"category","embeddable":true,"href":"https:\/\/www.evearly.news\/fr\/wp-json\/wp\/v2\/categories?post=315431"},{"taxonomy":"post_tag","embeddable":true,"href":"https:\/\/www.evearly.news\/fr\/wp-json\/wp\/v2\/tags?post=315431"}],"curies":[{"name":"wp","href":"https:\/\/api.w.org\/{rel}","templated":true}]}}