{"id":315433,"date":"2026-01-16T08:05:15","date_gmt":"2026-01-16T07:05:15","guid":{"rendered":"https:\/\/www.evearly.news\/fr\/ds-3-pallas-cristal-une-nouvelle-edition-limitee-tres-chic-pour-le-suv-urbain\/"},"modified":"2026-01-16T08:05:15","modified_gmt":"2026-01-16T07:05:15","slug":"ds-3-pallas-cristal-une-nouvelle-edition-limitee-tres-chic-pour-le-suv-urbain","status":"publish","type":"post","link":"https:\/\/www.evearly.news\/fr\/ds-3-pallas-cristal-une-nouvelle-edition-limitee-tres-chic-pour-le-suv-urbain\/","title":{"rendered":"DS 3 Pallas Cristal : une nouvelle \u00e9dition limit\u00e9e tr\u00e8s chic pour le SUV urbain"},"content":{"rendered":"<div class=\"media_block\"><img decoding=\"async\" src=\"https:\/\/www.evearly.news\/fr\/wp-content\/uploads\/sites\/6\/2026\/01\/ds-3-pallas-cristal-une-nouvelle-edition-limitee-tres-chic-pour-le-suv-urbain.jpg\"><\/div>\n<p>Pour animer la gamme de son petit SUV urbain DS 3, la marque premium tricolore d\u00e9gaine une s\u00e9rie limit\u00e9e baptis\u00e9 Pallas Cristal. Quelques touches cosm\u00e9tiques subtiles et des \u00e9quipements adapt\u00e9s aux conditions hivernales, caract\u00e9risent le SUV dont les commandes sont ouvertes. Les prix d\u00e9butent \u00e0 37 750 \u20ac en hybride 145 et grimpent \u00e0 43 600 \u20ac en 100% \u00e9lectrique E-Tense. <a href=https:\/\/www.automobile-magazine.fr\/toute-l-actualite\/article\/50711-ds-3-pallas-cristal-une-nouvelle-edition-limitee-tres-chic-pour-le-suv-urbain target='bwindow'>Lire la suite&#8230;<\/a><\/p>\n","protected":false},"excerpt":{"rendered":"<div class=\"media_block\"><img decoding=\"async\" src=\"https:\/\/www.evearly.news\/fr\/wp-content\/uploads\/sites\/6\/2026\/01\/ds-3-pallas-cristal-une-nouvelle-edition-limitee-tres-chic-pour-le-suv-urbain.jpg\"><\/div>\n<p> <a class=\"continue-reading-link\" href=\"https:\/\/www.evearly.news\/fr\/ds-3-pallas-cristal-une-nouvelle-edition-limitee-tres-chic-pour-le-suv-urbain\/\"><\/a><\/p>\n","protected":false},"author":7,"featured_media":315434,"comment_status":"closed","ping_status":"open","sticky":false,"template":"Default","format":"standard","meta":{"footnotes":""},"categories":[7],"tags":[],"class_list":["post-315433","post","type-post","status-publish","format-standard","has-post-thumbnail","hentry","category-automobile-magazine"],"_links":{"self":[{"href":"https:\/\/www.evearly.news\/fr\/wp-json\/wp\/v2\/posts\/315433","targetHints":{"allow":["GET"]}}],"collection":[{"href":"https:\/\/www.evearly.news\/fr\/wp-json\/wp\/v2\/posts"}],"about":[{"href":"https:\/\/www.evearly.news\/fr\/wp-json\/wp\/v2\/types\/post"}],"author":[{"embeddable":true,"href":"https:\/\/www.evearly.news\/fr\/wp-json\/wp\/v2\/users\/7"}],"replies":[{"embeddable":true,"href":"https:\/\/www.evearly.news\/fr\/wp-json\/wp\/v2\/comments?post=315433"}],"version-history":[{"count":0,"href":"https:\/\/www.evearly.news\/fr\/wp-json\/wp\/v2\/posts\/315433\/revisions"}],"wp:featuredmedia":[{"embeddable":true,"href":"https:\/\/www.evearly.news\/fr\/wp-json\/wp\/v2\/media\/315434"}],"wp:attachment":[{"href":"https:\/\/www.evearly.news\/fr\/wp-json\/wp\/v2\/media?parent=315433"}],"wp:term":[{"taxonomy":"category","embeddable":true,"href":"https:\/\/www.evearly.news\/fr\/wp-json\/wp\/v2\/categories?post=315433"},{"taxonomy":"post_tag","embeddable":true,"href":"https:\/\/www.evearly.news\/fr\/wp-json\/wp\/v2\/tags?post=315433"}],"curies":[{"name":"wp","href":"https:\/\/api.w.org\/{rel}","templated":true}]}}