{"id":315437,"date":"2026-01-16T08:52:09","date_gmt":"2026-01-16T07:52:09","guid":{"rendered":"https:\/\/www.evearly.news\/fr\/ventes-de-voitures-le-bilan-2025-daudi-sauve-par-les-modeles-electriques\/"},"modified":"2026-01-16T08:52:09","modified_gmt":"2026-01-16T07:52:09","slug":"ventes-de-voitures-le-bilan-2025-daudi-sauve-par-les-modeles-electriques","status":"publish","type":"post","link":"https:\/\/www.evearly.news\/fr\/ventes-de-voitures-le-bilan-2025-daudi-sauve-par-les-modeles-electriques\/","title":{"rendered":"Ventes de voitures : le bilan 2025 d\u2019Audi sauv\u00e9 par les mod\u00e8les \u00e9lectriques"},"content":{"rendered":"<p><img decoding=\"async\" width=\"500\" height=\"333\" src=\"https:\/\/www.evearly.news\/fr\/wp-content\/uploads\/sites\/6\/2026\/01\/ventes-de-voitures-le-bilan-2025-daudi-sauve-par-les-modeles-electriques.jpg\" class=\"attachment-1200x800 size-1200x800 wp-post-image\" alt=\"\" loading=\"lazy\" srcset=\"https:\/\/www.evearly.news\/fr\/wp-content\/uploads\/sites\/6\/2026\/01\/ventes-de-voitures-le-bilan-2025-daudi-sauve-par-les-modeles-electriques.jpg 1200w, https:\/\/www.evearly.news\/fr\/wp-content\/uploads\/sites\/6\/2026\/01\/ventes-de-voitures-le-bilan-2025-daudi-sauve-par-les-modeles-electriques-1.jpg 1024w, https:\/\/www.evearly.news\/fr\/wp-content\/uploads\/sites\/6\/2026\/01\/ventes-de-voitures-le-bilan-2025-daudi-sauve-par-les-modeles-electriques-2.jpg 140w, https:\/\/www.evearly.news\/fr\/wp-content\/uploads\/sites\/6\/2026\/01\/ventes-de-voitures-le-bilan-2025-daudi-sauve-par-les-modeles-electriques-3.jpg 768w, https:\/\/www.evearly.news\/fr\/wp-content\/uploads\/sites\/6\/2026\/01\/ventes-de-voitures-le-bilan-2025-daudi-sauve-par-les-modeles-electriques-4.jpg 620w, https:\/\/www.evearly.news\/fr\/wp-content\/uploads\/sites\/6\/2026\/01\/ventes-de-voitures-le-bilan-2025-daudi-sauve-par-les-modeles-electriques-5.jpg 100w, https:\/\/www.evearly.news\/fr\/wp-content\/uploads\/sites\/6\/2026\/01\/ventes-de-voitures-le-bilan-2025-daudi-sauve-par-les-modeles-electriques-6.jpg 190w, https:\/\/cdn.automobile-propre.com\/uploads\/2025\/03\/Essai-longue-duree-Audi-A6-Avant-e-tron-15-600x400.jpg 600w\" sizes=\"auto, (max-width: 1200px) 100vw, 1200px\" \/><br \/>\nLe bilan est plut\u00f4t contrast\u00e9 chez Audi en 2025. Si les ventes globales sont en recul, l&rsquo;\u00e9lectrique conna\u00eet une forte\u2026\u00a0<a href=https:\/\/www.automobile-propre.com\/articles\/forte-progression-des-voitures-electriques-chez-audi-en-2025-et-ce-nest-pas-pret-de-sarreter\/ target='bwindow'>Lire la suite&#8230;<\/a><\/p>\n","protected":false},"excerpt":{"rendered":"<p>&#8230; <a class=\"continue-reading-link\" href=\"https:\/\/www.evearly.news\/fr\/ventes-de-voitures-le-bilan-2025-daudi-sauve-par-les-modeles-electriques\/\"><\/a><\/p>\n","protected":false},"author":8,"featured_media":315438,"comment_status":"closed","ping_status":"open","sticky":false,"template":"Default","format":"standard","meta":{"footnotes":""},"categories":[8],"tags":[],"class_list":["post-315437","post","type-post","status-publish","format-standard","has-post-thumbnail","hentry","category-automobile-propre"],"_links":{"self":[{"href":"https:\/\/www.evearly.news\/fr\/wp-json\/wp\/v2\/posts\/315437","targetHints":{"allow":["GET"]}}],"collection":[{"href":"https:\/\/www.evearly.news\/fr\/wp-json\/wp\/v2\/posts"}],"about":[{"href":"https:\/\/www.evearly.news\/fr\/wp-json\/wp\/v2\/types\/post"}],"author":[{"embeddable":true,"href":"https:\/\/www.evearly.news\/fr\/wp-json\/wp\/v2\/users\/8"}],"replies":[{"embeddable":true,"href":"https:\/\/www.evearly.news\/fr\/wp-json\/wp\/v2\/comments?post=315437"}],"version-history":[{"count":0,"href":"https:\/\/www.evearly.news\/fr\/wp-json\/wp\/v2\/posts\/315437\/revisions"}],"wp:featuredmedia":[{"embeddable":true,"href":"https:\/\/www.evearly.news\/fr\/wp-json\/wp\/v2\/media\/315438"}],"wp:attachment":[{"href":"https:\/\/www.evearly.news\/fr\/wp-json\/wp\/v2\/media?parent=315437"}],"wp:term":[{"taxonomy":"category","embeddable":true,"href":"https:\/\/www.evearly.news\/fr\/wp-json\/wp\/v2\/categories?post=315437"},{"taxonomy":"post_tag","embeddable":true,"href":"https:\/\/www.evearly.news\/fr\/wp-json\/wp\/v2\/tags?post=315437"}],"curies":[{"name":"wp","href":"https:\/\/api.w.org\/{rel}","templated":true}]}}