{"id":315441,"date":"2026-01-16T08:41:34","date_gmt":"2026-01-16T07:41:34","guid":{"rendered":"https:\/\/www.evearly.news\/fr\/vous-ne-devinerez-jamais-combien-il-sest-vendu-de-subaru-en-france-lannee-derniere\/"},"modified":"2026-01-16T08:41:34","modified_gmt":"2026-01-16T07:41:34","slug":"vous-ne-devinerez-jamais-combien-il-sest-vendu-de-subaru-en-france-lannee-derniere","status":"publish","type":"post","link":"https:\/\/www.evearly.news\/fr\/vous-ne-devinerez-jamais-combien-il-sest-vendu-de-subaru-en-france-lannee-derniere\/","title":{"rendered":"Vous ne devinerez jamais combien il s&rsquo;est vendu de Subaru en France l&rsquo;ann\u00e9e derni\u00e8re"},"content":{"rendered":"<p><img decoding=\"async\" src=\"https:\/\/www.evearly.news\/fr\/wp-content\/uploads\/sites\/6\/2026\/01\/vous-ne-devinerez-jamais-combien-il-sest-vendu-de-subaru-en-france-lannee-derniere.jpg\" alt=\"caradisiac\" ><br \/>Tr\u00e8s populaire jusqu\u2019au d\u00e9but du si\u00e8cle chez nous, Subaru vend d\u00e9sormais moins de voitures en France que Ferrari, Maserati ou m\u00eame&#8230;Morgan. Le passage au 100% \u00e9lectrique, rendu obligatoire par le malus fran\u00e7ais p\u00e9nalisant fortement ses voitures thermiques d\u00e9pass\u00e9es, lui a fait tr\u00e8s mal. <a href=https:\/\/www.caradisiac.com\/vous-ne-devinerez-jamais-combien-il-s-est-vendu-de-subaru-en-france-l-annee-derniere-219860.htm#xtor=RSS-40 target=blank>Lire la suite&#8230;<\/a><\/p>\n","protected":false},"excerpt":{"rendered":"<p><img decoding=\"async\" src=\"https:\/\/www.evearly.news\/fr\/wp-content\/uploads\/sites\/6\/2026\/01\/vous-ne-devinerez-jamais-combien-il-sest-vendu-de-subaru-en-france-lannee-derniere.jpg\" alt=\"caradisiac\"><br \/>Tr\u00e8s populaire jusqu\u2019au d\u00e9but du si\u00e8cle chez nous, Subaru vend d\u00e9sormais moins de voitures en France que Ferrari, Maserati ou m\u00eame&#8230;Morgan. Le passage au 100% \u00e9lectrique, rendu obligatoire par le malus fran\u00e7ais p\u00e9nalisant fortement ses voitures thermiques d\u00e9pass\u00e9es, lui a fait tr\u00e8s mal.<\/p>\n<p> <a class=\"continue-reading-link\" href=\"https:\/\/www.evearly.news\/fr\/vous-ne-devinerez-jamais-combien-il-sest-vendu-de-subaru-en-france-lannee-derniere\/\"><\/a><\/p>\n","protected":false},"author":11,"featured_media":315442,"comment_status":"closed","ping_status":"open","sticky":false,"template":"Default","format":"standard","meta":{"footnotes":""},"categories":[11],"tags":[],"class_list":["post-315441","post","type-post","status-publish","format-standard","has-post-thumbnail","hentry","category-caradisiac"],"_links":{"self":[{"href":"https:\/\/www.evearly.news\/fr\/wp-json\/wp\/v2\/posts\/315441","targetHints":{"allow":["GET"]}}],"collection":[{"href":"https:\/\/www.evearly.news\/fr\/wp-json\/wp\/v2\/posts"}],"about":[{"href":"https:\/\/www.evearly.news\/fr\/wp-json\/wp\/v2\/types\/post"}],"author":[{"embeddable":true,"href":"https:\/\/www.evearly.news\/fr\/wp-json\/wp\/v2\/users\/11"}],"replies":[{"embeddable":true,"href":"https:\/\/www.evearly.news\/fr\/wp-json\/wp\/v2\/comments?post=315441"}],"version-history":[{"count":0,"href":"https:\/\/www.evearly.news\/fr\/wp-json\/wp\/v2\/posts\/315441\/revisions"}],"wp:featuredmedia":[{"embeddable":true,"href":"https:\/\/www.evearly.news\/fr\/wp-json\/wp\/v2\/media\/315442"}],"wp:attachment":[{"href":"https:\/\/www.evearly.news\/fr\/wp-json\/wp\/v2\/media?parent=315441"}],"wp:term":[{"taxonomy":"category","embeddable":true,"href":"https:\/\/www.evearly.news\/fr\/wp-json\/wp\/v2\/categories?post=315441"},{"taxonomy":"post_tag","embeddable":true,"href":"https:\/\/www.evearly.news\/fr\/wp-json\/wp\/v2\/tags?post=315441"}],"curies":[{"name":"wp","href":"https:\/\/api.w.org\/{rel}","templated":true}]}}