{"id":315453,"date":"2026-01-16T10:16:57","date_gmt":"2026-01-16T09:16:57","guid":{"rendered":"https:\/\/www.evearly.news\/fr\/en-difficulte-sur-la-voiture-electrique-ford-appelle-le-geant-byd-a-la-rescousse-2\/"},"modified":"2026-01-16T10:16:57","modified_gmt":"2026-01-16T09:16:57","slug":"en-difficulte-sur-la-voiture-electrique-ford-appelle-le-geant-byd-a-la-rescousse-2","status":"publish","type":"post","link":"https:\/\/www.evearly.news\/fr\/en-difficulte-sur-la-voiture-electrique-ford-appelle-le-geant-byd-a-la-rescousse-2\/","title":{"rendered":"En difficult\u00e9 sur la voiture \u00e9lectrique, Ford appelle le g\u00e9ant BYD \u00e0 la rescousse"},"content":{"rendered":"<p><img width=\"1200\" height=\"675\" src=\"https:\/\/www.evearly.news\/fr\/wp-content\/uploads\/sites\/6\/2026\/01\/en-difficulte-sur-la-voiture-electrique-ford-appelle-le-geant-byd-a-la-rescousse.jpg\" class=\"attachment-full size-full wp-post-image\" alt=\"\" decoding=\"async\" loading=\"lazy\" \/<br \/>\nAlors que la demande de voitures \u00e9lectriques est en baisse, Ford veut trouver de l\u2019aide aupr\u00e8s de BYD. Les deux constructeurs sont en discussions dans le cadre d\u2019un partenariat autour des batteries des futures voitures hybrides.<br \/>\n <a href=https:\/\/www.frandroid.com\/marques\/ford\/2944641_en-difficulte-sur-la-voiture-electrique-ford-appelle-le-geant-byd-a-la-rescousse target='blank'>Lire la suite&#8230;<\/a><\/p>\n","protected":false},"excerpt":{"rendered":"<p>&lt;img width=&quot;1200&quot; height=&quot;675&quot; src=&quot;https:\/\/www.evearly.news\/fr\/wp-content\/uploads\/sites\/6\/2026\/01\/en-difficulte-sur-la-voiture-electrique-ford-appelle-le-geant-byd-a-la-rescousse.jpg&quot; class=&quot;attachment-full size-full wp-post-image&quot; alt=&quot;&quot; decoding=&quot;async&quot; loading=&quot;lazy&quot; \/<br \/>\nAlors que la demande de voitures \u00e9lectriques est en baisse, Ford veut trouver de l\u2019aide aupr\u00e8s de BYD. Les deux constructeurs sont en discussions dans le cadre d\u2019un partenariat autour des batteries des futures voitures hybrides.\n<\/p>\n<p> <a class=\"continue-reading-link\" href=\"https:\/\/www.evearly.news\/fr\/en-difficulte-sur-la-voiture-electrique-ford-appelle-le-geant-byd-a-la-rescousse-2\/\"><\/a><\/p>\n","protected":false},"author":6,"featured_media":315454,"comment_status":"closed","ping_status":"open","sticky":false,"template":"Default","format":"standard","meta":{"footnotes":""},"categories":[14],"tags":[],"class_list":["post-315453","post","type-post","status-publish","format-standard","has-post-thumbnail","hentry","category-frandroid"],"_links":{"self":[{"href":"https:\/\/www.evearly.news\/fr\/wp-json\/wp\/v2\/posts\/315453","targetHints":{"allow":["GET"]}}],"collection":[{"href":"https:\/\/www.evearly.news\/fr\/wp-json\/wp\/v2\/posts"}],"about":[{"href":"https:\/\/www.evearly.news\/fr\/wp-json\/wp\/v2\/types\/post"}],"author":[{"embeddable":true,"href":"https:\/\/www.evearly.news\/fr\/wp-json\/wp\/v2\/users\/6"}],"replies":[{"embeddable":true,"href":"https:\/\/www.evearly.news\/fr\/wp-json\/wp\/v2\/comments?post=315453"}],"version-history":[{"count":0,"href":"https:\/\/www.evearly.news\/fr\/wp-json\/wp\/v2\/posts\/315453\/revisions"}],"wp:featuredmedia":[{"embeddable":true,"href":"https:\/\/www.evearly.news\/fr\/wp-json\/wp\/v2\/media\/315454"}],"wp:attachment":[{"href":"https:\/\/www.evearly.news\/fr\/wp-json\/wp\/v2\/media?parent=315453"}],"wp:term":[{"taxonomy":"category","embeddable":true,"href":"https:\/\/www.evearly.news\/fr\/wp-json\/wp\/v2\/categories?post=315453"},{"taxonomy":"post_tag","embeddable":true,"href":"https:\/\/www.evearly.news\/fr\/wp-json\/wp\/v2\/tags?post=315453"}],"curies":[{"name":"wp","href":"https:\/\/api.w.org\/{rel}","templated":true}]}}