{"id":315463,"date":"2026-01-16T11:20:37","date_gmt":"2026-01-16T10:20:37","guid":{"rendered":"https:\/\/www.evearly.news\/fr\/nouvelle-renault-clio-elle-change-absolument-tout-et-voici-pourquoi-elle-divise-deja\/"},"modified":"2026-01-16T11:20:37","modified_gmt":"2026-01-16T10:20:37","slug":"nouvelle-renault-clio-elle-change-absolument-tout-et-voici-pourquoi-elle-divise-deja","status":"publish","type":"post","link":"https:\/\/www.evearly.news\/fr\/nouvelle-renault-clio-elle-change-absolument-tout-et-voici-pourquoi-elle-divise-deja\/","title":{"rendered":"Nouvelle Renault Clio\u00a0: elle change absolument tout et voici pourquoi elle divise d\u00e9j\u00e0"},"content":{"rendered":"<p><img width=\"1920\" height=\"1280\" src=\"https:\/\/www.evearly.news\/fr\/wp-content\/uploads\/sites\/6\/2026\/01\/nouvelle-renault-clio-elle-change-absolument-tout-et-voici-pourquoi-elle-divise-deja.jpg\" class=\"attachment-full size-full wp-post-image\" alt=\"Renault Clio Moderne Rouge\" decoding=\"async\" loading=\"lazy\" srcset=\"https:\/\/www.evearly.news\/fr\/wp-content\/uploads\/sites\/6\/2026\/01\/nouvelle-renault-clio-elle-change-absolument-tout-et-voici-pourquoi-elle-divise-deja.jpg 1920w, https:\/\/www.evearly.news\/fr\/wp-content\/uploads\/sites\/6\/2026\/01\/nouvelle-renault-clio-elle-change-absolument-tout-et-voici-pourquoi-elle-divise-deja-1.jpg 384w, https:\/\/www.evearly.news\/fr\/wp-content\/uploads\/sites\/6\/2026\/01\/nouvelle-renault-clio-elle-change-absolument-tout-et-voici-pourquoi-elle-divise-deja-2.jpg 880w, https:\/\/www.evearly.news\/fr\/wp-content\/uploads\/sites\/6\/2026\/01\/nouvelle-renault-clio-elle-change-absolument-tout-et-voici-pourquoi-elle-divise-deja-3.jpg 50w, https:\/\/www.evearly.news\/fr\/wp-content\/uploads\/sites\/6\/2026\/01\/nouvelle-renault-clio-elle-change-absolument-tout-et-voici-pourquoi-elle-divise-deja-4.jpg 640w, https:\/\/www.evearly.news\/fr\/wp-content\/uploads\/sites\/6\/2026\/01\/nouvelle-renault-clio-elle-change-absolument-tout-et-voici-pourquoi-elle-divise-deja-5.jpg 1280w, https:\/\/www.presse-citron.net\/app\/uploads\/2026\/01\/Renault-Clio-moderne-rouge-1632x1088.jpg 1632w\" sizes=\"auto, (max-width: 1920px) 100vw, 1920px\"><\/p>\n<p>La star de Renault fait sa r\u00e9volution ! Pour cette sixi\u00e8me g\u00e9n\u00e9ration, la Clio change radicalement de visage. Entre son nouveau moteur hybride de 160 ch et ses technologies embarqu\u00e9es, d\u00e9couvrez pourquoi la citadine pr\u00e9f\u00e9r\u00e9e des Fran\u00e7ais prend aujourd&rsquo;hui un risque historique.<a href=\"https:\/\/www.presse-citron.net\/nouvelle-renault-clio-elle-change-absolument-tout-et-voici-pourquoi-elle-divise-deja\/\" target=blank> Lire la suite&#8230;<\/a><\/p>\n","protected":false},"excerpt":{"rendered":"<p>La star de Renault fait sa r\u00e9volution ! Pour cette sixi\u00e8me g\u00e9n\u00e9ration, la Clio change radicalement de visage. Entre son nouveau moteur hybride de 160 ch et ses technologies embarqu\u00e9es, d\u00e9couvrez pourquoi la citadine pr\u00e9f\u00e9r\u00e9e des Fran\u00e7ais prend aujourd&rsquo;hui un risque historique&#8230;. <a class=\"continue-reading-link\" href=\"https:\/\/www.evearly.news\/fr\/nouvelle-renault-clio-elle-change-absolument-tout-et-voici-pourquoi-elle-divise-deja\/\"><\/a><\/p>\n","protected":false},"author":18,"featured_media":315464,"comment_status":"closed","ping_status":"open","sticky":false,"template":"Default","format":"standard","meta":{"footnotes":""},"categories":[19],"tags":[],"class_list":["post-315463","post","type-post","status-publish","format-standard","has-post-thumbnail","hentry","category-presse-citron"],"_links":{"self":[{"href":"https:\/\/www.evearly.news\/fr\/wp-json\/wp\/v2\/posts\/315463","targetHints":{"allow":["GET"]}}],"collection":[{"href":"https:\/\/www.evearly.news\/fr\/wp-json\/wp\/v2\/posts"}],"about":[{"href":"https:\/\/www.evearly.news\/fr\/wp-json\/wp\/v2\/types\/post"}],"author":[{"embeddable":true,"href":"https:\/\/www.evearly.news\/fr\/wp-json\/wp\/v2\/users\/18"}],"replies":[{"embeddable":true,"href":"https:\/\/www.evearly.news\/fr\/wp-json\/wp\/v2\/comments?post=315463"}],"version-history":[{"count":0,"href":"https:\/\/www.evearly.news\/fr\/wp-json\/wp\/v2\/posts\/315463\/revisions"}],"wp:featuredmedia":[{"embeddable":true,"href":"https:\/\/www.evearly.news\/fr\/wp-json\/wp\/v2\/media\/315464"}],"wp:attachment":[{"href":"https:\/\/www.evearly.news\/fr\/wp-json\/wp\/v2\/media?parent=315463"}],"wp:term":[{"taxonomy":"category","embeddable":true,"href":"https:\/\/www.evearly.news\/fr\/wp-json\/wp\/v2\/categories?post=315463"},{"taxonomy":"post_tag","embeddable":true,"href":"https:\/\/www.evearly.news\/fr\/wp-json\/wp\/v2\/tags?post=315463"}],"curies":[{"name":"wp","href":"https:\/\/api.w.org\/{rel}","templated":true}]}}