{"id":315465,"date":"2026-01-16T11:27:52","date_gmt":"2026-01-16T10:27:52","guid":{"rendered":"https:\/\/www.evearly.news\/fr\/leurope-veut-enfin-corriger-sa-plus-grosse-erreur-sur-les-voitures-hybrides-chinoises\/"},"modified":"2026-01-16T11:27:52","modified_gmt":"2026-01-16T10:27:52","slug":"leurope-veut-enfin-corriger-sa-plus-grosse-erreur-sur-les-voitures-hybrides-chinoises","status":"publish","type":"post","link":"https:\/\/www.evearly.news\/fr\/leurope-veut-enfin-corriger-sa-plus-grosse-erreur-sur-les-voitures-hybrides-chinoises\/","title":{"rendered":"L\u2019Europe veut enfin corriger sa plus grosse erreur sur les voitures hybrides chinoises"},"content":{"rendered":"<p><img loading=\"lazy\" width=\"1200\" height=\"675\" src=\"https:\/\/www.evearly.news\/fr\/wp-content\/uploads\/sites\/6\/2026\/01\/leurope-veut-enfin-corriger-sa-plus-grosse-erreur-sur-les-voitures-hybrides-chinoises.jpg\" class=\"attachment-full size-full wp-post-image\" alt=\"\" decoding=\"async\" \/<br \/>\nSi les voitures \u00e9lectriques chinoises sont assujetties \u00e0 une forte surtaxe douani\u00e8re europ\u00e9enne depuis 2024, les hybrides en \u00e9taient exempt\u00e9es. Une situation qui pourrait bien changer, d&rsquo;apr\u00e8s la Commission europ\u00e9enne.<br \/>\n <a href=https:\/\/www.frandroid.com\/survoltes\/voitures-electriques\/voitures-hybrides\/2944811_leurope-veut-enfin-corriger-sa-plus-grosse-erreur-sur-les-voitures-hybrides-chinoises target='blank'>Lire la suite&#8230;<\/a><\/p>\n","protected":false},"excerpt":{"rendered":"<p>&lt;img width=&quot;1200&quot; height=&quot;675&quot; src=&quot;https:\/\/www.evearly.news\/fr\/wp-content\/uploads\/sites\/6\/2026\/01\/leurope-veut-enfin-corriger-sa-plus-grosse-erreur-sur-les-voitures-hybrides-chinoises.jpg&quot; class=&quot;attachment-full size-full wp-post-image&quot; alt=&quot;&quot; decoding=&quot;async&quot; \/<br \/>\nSi les voitures \u00e9lectriques chinoises sont assujetties \u00e0 une forte surtaxe douani\u00e8re europ\u00e9enne depuis 2024, les hybrides en \u00e9taient exempt\u00e9es. Une situation qui pourrait bien changer, d&rsquo;apr\u00e8s la Commission europ\u00e9enne.\n<\/p>\n<p> <a class=\"continue-reading-link\" href=\"https:\/\/www.evearly.news\/fr\/leurope-veut-enfin-corriger-sa-plus-grosse-erreur-sur-les-voitures-hybrides-chinoises\/\"><\/a><\/p>\n","protected":false},"author":6,"featured_media":315466,"comment_status":"closed","ping_status":"open","sticky":false,"template":"Default","format":"standard","meta":{"footnotes":""},"categories":[14],"tags":[],"class_list":["post-315465","post","type-post","status-publish","format-standard","has-post-thumbnail","hentry","category-frandroid"],"_links":{"self":[{"href":"https:\/\/www.evearly.news\/fr\/wp-json\/wp\/v2\/posts\/315465","targetHints":{"allow":["GET"]}}],"collection":[{"href":"https:\/\/www.evearly.news\/fr\/wp-json\/wp\/v2\/posts"}],"about":[{"href":"https:\/\/www.evearly.news\/fr\/wp-json\/wp\/v2\/types\/post"}],"author":[{"embeddable":true,"href":"https:\/\/www.evearly.news\/fr\/wp-json\/wp\/v2\/users\/6"}],"replies":[{"embeddable":true,"href":"https:\/\/www.evearly.news\/fr\/wp-json\/wp\/v2\/comments?post=315465"}],"version-history":[{"count":0,"href":"https:\/\/www.evearly.news\/fr\/wp-json\/wp\/v2\/posts\/315465\/revisions"}],"wp:featuredmedia":[{"embeddable":true,"href":"https:\/\/www.evearly.news\/fr\/wp-json\/wp\/v2\/media\/315466"}],"wp:attachment":[{"href":"https:\/\/www.evearly.news\/fr\/wp-json\/wp\/v2\/media?parent=315465"}],"wp:term":[{"taxonomy":"category","embeddable":true,"href":"https:\/\/www.evearly.news\/fr\/wp-json\/wp\/v2\/categories?post=315465"},{"taxonomy":"post_tag","embeddable":true,"href":"https:\/\/www.evearly.news\/fr\/wp-json\/wp\/v2\/tags?post=315465"}],"curies":[{"name":"wp","href":"https:\/\/api.w.org\/{rel}","templated":true}]}}