{"id":315467,"date":"2026-01-16T11:52:07","date_gmt":"2026-01-16T10:52:07","guid":{"rendered":"https:\/\/www.evearly.news\/fr\/porsche-grosse-baisse-des-ventes-en-2025-mais-le-macan-electrique-sen-sort-bien\/"},"modified":"2026-01-16T11:52:07","modified_gmt":"2026-01-16T10:52:07","slug":"porsche-grosse-baisse-des-ventes-en-2025-mais-le-macan-electrique-sen-sort-bien","status":"publish","type":"post","link":"https:\/\/www.evearly.news\/fr\/porsche-grosse-baisse-des-ventes-en-2025-mais-le-macan-electrique-sen-sort-bien\/","title":{"rendered":"Porsche : grosse baisse des ventes en 2025, mais le Macan \u00e9lectrique s\u2019en sort bien"},"content":{"rendered":"<p><img decoding=\"async\" width=\"500\" height=\"333\" src=\"https:\/\/www.evearly.news\/fr\/wp-content\/uploads\/sites\/6\/2026\/01\/porsche-grosse-baisse-des-ventes-en-2025-mais-le-macan-electrique-sen-sort-bien.jpg\" class=\"attachment-1200x800 size-1200x800 wp-post-image\" alt=\"\" loading=\"lazy\" srcset=\"https:\/\/www.evearly.news\/fr\/wp-content\/uploads\/sites\/6\/2026\/01\/porsche-grosse-baisse-des-ventes-en-2025-mais-le-macan-electrique-sen-sort-bien.jpg 1200w, https:\/\/www.evearly.news\/fr\/wp-content\/uploads\/sites\/6\/2026\/01\/porsche-grosse-baisse-des-ventes-en-2025-mais-le-macan-electrique-sen-sort-bien-1.jpg 1024w, https:\/\/www.evearly.news\/fr\/wp-content\/uploads\/sites\/6\/2026\/01\/porsche-grosse-baisse-des-ventes-en-2025-mais-le-macan-electrique-sen-sort-bien-2.jpg 140w, https:\/\/www.evearly.news\/fr\/wp-content\/uploads\/sites\/6\/2026\/01\/porsche-grosse-baisse-des-ventes-en-2025-mais-le-macan-electrique-sen-sort-bien-3.jpg 768w, https:\/\/www.evearly.news\/fr\/wp-content\/uploads\/sites\/6\/2026\/01\/porsche-grosse-baisse-des-ventes-en-2025-mais-le-macan-electrique-sen-sort-bien-4.jpg 620w, https:\/\/www.evearly.news\/fr\/wp-content\/uploads\/sites\/6\/2026\/01\/porsche-grosse-baisse-des-ventes-en-2025-mais-le-macan-electrique-sen-sort-bien-5.jpg 100w, https:\/\/www.evearly.news\/fr\/wp-content\/uploads\/sites\/6\/2026\/01\/porsche-grosse-baisse-des-ventes-en-2025-mais-le-macan-electrique-sen-sort-bien-6.jpg 190w, https:\/\/cdn.automobile-propre.com\/uploads\/2024\/09\/Essai-Supertest-Porsche-Taycan-Propulsion-43-600x400.jpg 600w\" sizes=\"auto, (max-width: 1200px) 100vw, 1200px\" \/><br \/>\nPorsche vient de publier ses r\u00e9sultats pour l&rsquo;ann\u00e9e 2025. Et ils ne sont pas bons. La firme allemande n&rsquo;a livr\u00e9\u2026\u00a0<a href=https:\/\/www.automobile-propre.com\/articles\/chez-porsche-les-ventes-de-voitures-electrifiees-representent-desormais-une-vente-sur-trois\/ target='bwindow'>Lire la suite&#8230;<\/a><\/p>\n","protected":false},"excerpt":{"rendered":"<p>&#8230; <a class=\"continue-reading-link\" href=\"https:\/\/www.evearly.news\/fr\/porsche-grosse-baisse-des-ventes-en-2025-mais-le-macan-electrique-sen-sort-bien\/\"><\/a><\/p>\n","protected":false},"author":8,"featured_media":315468,"comment_status":"closed","ping_status":"open","sticky":false,"template":"Default","format":"standard","meta":{"footnotes":""},"categories":[8],"tags":[],"class_list":["post-315467","post","type-post","status-publish","format-standard","has-post-thumbnail","hentry","category-automobile-propre"],"_links":{"self":[{"href":"https:\/\/www.evearly.news\/fr\/wp-json\/wp\/v2\/posts\/315467","targetHints":{"allow":["GET"]}}],"collection":[{"href":"https:\/\/www.evearly.news\/fr\/wp-json\/wp\/v2\/posts"}],"about":[{"href":"https:\/\/www.evearly.news\/fr\/wp-json\/wp\/v2\/types\/post"}],"author":[{"embeddable":true,"href":"https:\/\/www.evearly.news\/fr\/wp-json\/wp\/v2\/users\/8"}],"replies":[{"embeddable":true,"href":"https:\/\/www.evearly.news\/fr\/wp-json\/wp\/v2\/comments?post=315467"}],"version-history":[{"count":0,"href":"https:\/\/www.evearly.news\/fr\/wp-json\/wp\/v2\/posts\/315467\/revisions"}],"wp:featuredmedia":[{"embeddable":true,"href":"https:\/\/www.evearly.news\/fr\/wp-json\/wp\/v2\/media\/315468"}],"wp:attachment":[{"href":"https:\/\/www.evearly.news\/fr\/wp-json\/wp\/v2\/media?parent=315467"}],"wp:term":[{"taxonomy":"category","embeddable":true,"href":"https:\/\/www.evearly.news\/fr\/wp-json\/wp\/v2\/categories?post=315467"},{"taxonomy":"post_tag","embeddable":true,"href":"https:\/\/www.evearly.news\/fr\/wp-json\/wp\/v2\/tags?post=315467"}],"curies":[{"name":"wp","href":"https:\/\/api.w.org\/{rel}","templated":true}]}}