{"id":315471,"date":"2026-01-16T12:03:52","date_gmt":"2026-01-16T11:03:52","guid":{"rendered":"https:\/\/www.evearly.news\/fr\/plus-americaine-que-jamais-la-f1-retrouve-une-ecurie-absente-depuis-22-ans\/"},"modified":"2026-01-16T12:03:52","modified_gmt":"2026-01-16T11:03:52","slug":"plus-americaine-que-jamais-la-f1-retrouve-une-ecurie-absente-depuis-22-ans","status":"publish","type":"post","link":"https:\/\/www.evearly.news\/fr\/plus-americaine-que-jamais-la-f1-retrouve-une-ecurie-absente-depuis-22-ans\/","title":{"rendered":"Plus am\u00e9ricaine que jamais, la F1 retrouve une \u00e9curie absente depuis 22 ans"},"content":{"rendered":"<p><img loading=\"lazy\" width=\"1920\" height=\"1280\" src=\"https:\/\/www.evearly.news\/fr\/wp-content\/uploads\/sites\/6\/2026\/01\/plus-americaine-que-jamais-la-f1-retrouve-une-ecurie-absente-depuis-22-ans.jpg\" class=\"attachment-full size-full wp-post-image\" alt=\"Formule 1 (2)\" decoding=\"async\" srcset=\"https:\/\/www.evearly.news\/fr\/wp-content\/uploads\/sites\/6\/2026\/01\/plus-americaine-que-jamais-la-f1-retrouve-une-ecurie-absente-depuis-22-ans.jpg 1920w, https:\/\/www.evearly.news\/fr\/wp-content\/uploads\/sites\/6\/2026\/01\/plus-americaine-que-jamais-la-f1-retrouve-une-ecurie-absente-depuis-22-ans-1.jpg 384w, https:\/\/www.evearly.news\/fr\/wp-content\/uploads\/sites\/6\/2026\/01\/plus-americaine-que-jamais-la-f1-retrouve-une-ecurie-absente-depuis-22-ans-2.jpg 880w, https:\/\/www.evearly.news\/fr\/wp-content\/uploads\/sites\/6\/2026\/01\/plus-americaine-que-jamais-la-f1-retrouve-une-ecurie-absente-depuis-22-ans-3.jpg 50w, https:\/\/www.evearly.news\/fr\/wp-content\/uploads\/sites\/6\/2026\/01\/plus-americaine-que-jamais-la-f1-retrouve-une-ecurie-absente-depuis-22-ans-4.jpg 640w, https:\/\/www.evearly.news\/fr\/wp-content\/uploads\/sites\/6\/2026\/01\/plus-americaine-que-jamais-la-f1-retrouve-une-ecurie-absente-depuis-22-ans-5.jpg 1280w, https:\/\/www.presse-citron.net\/app\/uploads\/2026\/01\/Formule-1-2-1632x1088.jpg 1632w\" sizes=\"auto, (max-width: 1920px) 100vw, 1920px\"><\/p>\n<p>Ford et Red Bull s&rsquo;unissent pour dominer les paddocks en fusionnant deux mondes : la puissance industrielle d&rsquo;un g\u00e9ant centenaire et la r\u00e9activit\u00e9 d&rsquo;une \u00e9curie championne du monde. Oui, le constructeur am\u00e9ricain est de retour en F1 et compte bien faire exploser son compteur de victoires.<a href=\"https:\/\/www.presse-citron.net\/americaine-f1-retrouve-ecurie-absente-22-ans\/\" target=blank> Lire la suite&#8230;<\/a><\/p>\n","protected":false},"excerpt":{"rendered":"<p>Ford et Red Bull s&rsquo;unissent pour dominer les paddocks en fusionnant deux mondes : la puissance industrielle d&rsquo;un g\u00e9ant centenaire et la r\u00e9activit\u00e9 d&rsquo;une \u00e9curie championne du monde. Oui, le constructeur am\u00e9ricain est de retour en F1 et compte bien faire exploser son compteur de victoires&#8230;. <a class=\"continue-reading-link\" href=\"https:\/\/www.evearly.news\/fr\/plus-americaine-que-jamais-la-f1-retrouve-une-ecurie-absente-depuis-22-ans\/\"><\/a><\/p>\n","protected":false},"author":18,"featured_media":315472,"comment_status":"closed","ping_status":"open","sticky":false,"template":"Default","format":"standard","meta":{"footnotes":""},"categories":[19],"tags":[],"class_list":["post-315471","post","type-post","status-publish","format-standard","has-post-thumbnail","hentry","category-presse-citron"],"_links":{"self":[{"href":"https:\/\/www.evearly.news\/fr\/wp-json\/wp\/v2\/posts\/315471","targetHints":{"allow":["GET"]}}],"collection":[{"href":"https:\/\/www.evearly.news\/fr\/wp-json\/wp\/v2\/posts"}],"about":[{"href":"https:\/\/www.evearly.news\/fr\/wp-json\/wp\/v2\/types\/post"}],"author":[{"embeddable":true,"href":"https:\/\/www.evearly.news\/fr\/wp-json\/wp\/v2\/users\/18"}],"replies":[{"embeddable":true,"href":"https:\/\/www.evearly.news\/fr\/wp-json\/wp\/v2\/comments?post=315471"}],"version-history":[{"count":0,"href":"https:\/\/www.evearly.news\/fr\/wp-json\/wp\/v2\/posts\/315471\/revisions"}],"wp:featuredmedia":[{"embeddable":true,"href":"https:\/\/www.evearly.news\/fr\/wp-json\/wp\/v2\/media\/315472"}],"wp:attachment":[{"href":"https:\/\/www.evearly.news\/fr\/wp-json\/wp\/v2\/media?parent=315471"}],"wp:term":[{"taxonomy":"category","embeddable":true,"href":"https:\/\/www.evearly.news\/fr\/wp-json\/wp\/v2\/categories?post=315471"},{"taxonomy":"post_tag","embeddable":true,"href":"https:\/\/www.evearly.news\/fr\/wp-json\/wp\/v2\/tags?post=315471"}],"curies":[{"name":"wp","href":"https:\/\/api.w.org\/{rel}","templated":true}]}}