{"id":315475,"date":"2026-01-16T12:06:07","date_gmt":"2026-01-16T11:06:07","guid":{"rendered":"https:\/\/www.evearly.news\/fr\/porsche-les-ventes-continuent-leur-chute-mais-une-voiture-electrique-evite-le-pire\/"},"modified":"2026-01-16T12:06:07","modified_gmt":"2026-01-16T11:06:07","slug":"porsche-les-ventes-continuent-leur-chute-mais-une-voiture-electrique-evite-le-pire","status":"publish","type":"post","link":"https:\/\/www.evearly.news\/fr\/porsche-les-ventes-continuent-leur-chute-mais-une-voiture-electrique-evite-le-pire\/","title":{"rendered":"Porsche : les ventes continuent leur chute, mais une voiture \u00e9lectrique \u00e9vite le pire"},"content":{"rendered":"<p><img width=\"1200\" height=\"675\" src=\"https:\/\/www.evearly.news\/fr\/wp-content\/uploads\/sites\/6\/2026\/01\/porsche-les-ventes-continuent-leur-chute-mais-une-voiture-electrique-evite-le-pire.jpg\" class=\"attachment-full size-full wp-post-image\" alt=\"\" decoding=\"async\" loading=\"lazy\" \/<br \/>\nLes r\u00e9sultats de Porsche viennent de tomber, et ils sont en baisse sur quasiment tous les march\u00e9s, avec une d\u00e9gringolade en Chine. Seul baume au c\u0153ur : si le Taycan continue de s&rsquo;effondrer, l&rsquo;arriv\u00e9e du Macan permet au constructeur d&rsquo;atteindre ses objectifs de ventes de voitures \u00e9lectriques en 2025.<br \/>\n <a href=https:\/\/www.frandroid.com\/marques\/porsche\/2944749_porsche-les-ventes-continuent-leur-chute-mais-une-voiture-electrique-evite-le-pire target='blank'>Lire la suite&#8230;<\/a><\/p>\n","protected":false},"excerpt":{"rendered":"<p>&lt;img width=&quot;1200&quot; height=&quot;675&quot; src=&quot;https:\/\/www.evearly.news\/fr\/wp-content\/uploads\/sites\/6\/2026\/01\/porsche-les-ventes-continuent-leur-chute-mais-une-voiture-electrique-evite-le-pire.jpg&quot; class=&quot;attachment-full size-full wp-post-image&quot; alt=&quot;&quot; decoding=&quot;async&quot; loading=&quot;lazy&quot; \/<br \/>\nLes r\u00e9sultats de Porsche viennent de tomber, et ils sont en baisse sur quasiment tous les march\u00e9s, avec une d\u00e9gringolade en Chine. Seul baume au c\u0153ur : si le Taycan continue de s&rsquo;effondrer, l&rsquo;arriv\u00e9e du Macan permet au constructeur d&rsquo;atteindre ses objectifs de ventes de voitures \u00e9lectriques en 2025.\n<\/p>\n<p> <a class=\"continue-reading-link\" href=\"https:\/\/www.evearly.news\/fr\/porsche-les-ventes-continuent-leur-chute-mais-une-voiture-electrique-evite-le-pire\/\"><\/a><\/p>\n","protected":false},"author":6,"featured_media":315476,"comment_status":"closed","ping_status":"open","sticky":false,"template":"Default","format":"standard","meta":{"footnotes":""},"categories":[14],"tags":[],"class_list":["post-315475","post","type-post","status-publish","format-standard","has-post-thumbnail","hentry","category-frandroid"],"_links":{"self":[{"href":"https:\/\/www.evearly.news\/fr\/wp-json\/wp\/v2\/posts\/315475","targetHints":{"allow":["GET"]}}],"collection":[{"href":"https:\/\/www.evearly.news\/fr\/wp-json\/wp\/v2\/posts"}],"about":[{"href":"https:\/\/www.evearly.news\/fr\/wp-json\/wp\/v2\/types\/post"}],"author":[{"embeddable":true,"href":"https:\/\/www.evearly.news\/fr\/wp-json\/wp\/v2\/users\/6"}],"replies":[{"embeddable":true,"href":"https:\/\/www.evearly.news\/fr\/wp-json\/wp\/v2\/comments?post=315475"}],"version-history":[{"count":0,"href":"https:\/\/www.evearly.news\/fr\/wp-json\/wp\/v2\/posts\/315475\/revisions"}],"wp:featuredmedia":[{"embeddable":true,"href":"https:\/\/www.evearly.news\/fr\/wp-json\/wp\/v2\/media\/315476"}],"wp:attachment":[{"href":"https:\/\/www.evearly.news\/fr\/wp-json\/wp\/v2\/media?parent=315475"}],"wp:term":[{"taxonomy":"category","embeddable":true,"href":"https:\/\/www.evearly.news\/fr\/wp-json\/wp\/v2\/categories?post=315475"},{"taxonomy":"post_tag","embeddable":true,"href":"https:\/\/www.evearly.news\/fr\/wp-json\/wp\/v2\/tags?post=315475"}],"curies":[{"name":"wp","href":"https:\/\/api.w.org\/{rel}","templated":true}]}}