{"id":315477,"date":"2026-01-16T12:20:03","date_gmt":"2026-01-16T11:20:03","guid":{"rendered":"https:\/\/www.evearly.news\/fr\/progression-de-lelectrique-dans-les-ventes-doccasions-aramisauto\/"},"modified":"2026-01-16T12:20:03","modified_gmt":"2026-01-16T11:20:03","slug":"progression-de-lelectrique-dans-les-ventes-doccasions-aramisauto","status":"publish","type":"post","link":"https:\/\/www.evearly.news\/fr\/progression-de-lelectrique-dans-les-ventes-doccasions-aramisauto\/","title":{"rendered":"Progression de l\u2019\u00e9lectrique dans les ventes d\u2019occasions Aramisauto"},"content":{"rendered":"<p><img width=\"1000\" height=\"563\" src=\"https:\/\/www.evearly.news\/fr\/wp-content\/uploads\/sites\/6\/2026\/01\/progression-de-lelectrique-dans-les-ventes-doccasions-aramisauto.jpg\" class=\"attachment-post-thumbnail size-post-thumbnail wp-post-image\" alt=\"\" decoding=\"async\" fetchpriority=\"high\" srcset=\"https:\/\/www.evearly.news\/fr\/wp-content\/uploads\/sites\/6\/2026\/01\/progression-de-lelectrique-dans-les-ventes-doccasions-aramisauto.jpg 1000w, https:\/\/www.evearly.news\/fr\/wp-content\/uploads\/sites\/6\/2026\/01\/progression-de-lelectrique-dans-les-ventes-doccasions-aramisauto-1.jpg 300w, https:\/\/www.evearly.news\/fr\/wp-content\/uploads\/sites\/6\/2026\/01\/progression-de-lelectrique-dans-les-ventes-doccasions-aramisauto-2.jpg 998w, https:\/\/www.avem.fr\/wp-content\/uploads\/2021\/07\/ACTB0724_Essai208d-768x432.jpg 768w\" sizes=\"(max-width: 1000px) 100vw, 1000px\" \/>Aramisauto se d\u00e9finit comme \u00ab\u00a0n\u00b01 de la vente de voitures en ligne en France\u00a0\u00bb. Ce qui lui donne un certain recul concernant l\u2019\u00e9volution des mod\u00e8les \u00e9lectriques d\u2019occasion. \u00a0 Progression de l\u2019\u00e9lectrique \u00e0 2 vitesses Dans notre pays l\u2019ann\u00e9e derni\u00e8re, le march\u00e9 du v\u00e9hicule d\u2019occasion en progression de 0,8 % par [\u2026] <a href=https:\/\/www.avem.fr\/2026\/01\/16\/progression-de-lelectrique-dans-les-ventes-doccasions-aramisauto\/ target=blank>Lire la suite&#8230;<\/a><\/p>\n","protected":false},"excerpt":{"rendered":"<p><img loading=\"lazy\" decoding=\"async\" width=\"1000\" height=\"563\" src=\"https:\/\/www.evearly.news\/fr\/wp-content\/uploads\/sites\/6\/2026\/01\/progression-de-lelectrique-dans-les-ventes-doccasions-aramisauto.jpg\" class=\"attachment-post-thumbnail size-post-thumbnail wp-post-image\" alt=\"\" \/>Aramisauto se d\u00e9finit comme \u00ab\u00a0n\u00b01 de la vente de voitures en ligne en France\u00a0\u00bb. Ce qui lui donne un certain recul concernant l\u2019\u00e9volution des mod\u00e8les \u00e9lectriques d\u2019occasion. \u00a0 Progression de l\u2019\u00e9lectrique \u00e0 2 vitesses Dans notre pays l\u2019ann\u00e9e derni\u00e8re, le march\u00e9 du v\u00e9hicule d\u2019occasion en progression de 0,8 % par [\u2026] <a class=\"continue-reading-link\" href=\"https:\/\/www.evearly.news\/fr\/progression-de-lelectrique-dans-les-ventes-doccasions-aramisauto\/\"><\/a><\/p>\n","protected":false},"author":3,"featured_media":315478,"comment_status":"closed","ping_status":"open","sticky":false,"template":"Default","format":"standard","meta":{"footnotes":""},"categories":[3],"tags":[],"class_list":["post-315477","post","type-post","status-publish","format-standard","has-post-thumbnail","hentry","category-avem"],"_links":{"self":[{"href":"https:\/\/www.evearly.news\/fr\/wp-json\/wp\/v2\/posts\/315477","targetHints":{"allow":["GET"]}}],"collection":[{"href":"https:\/\/www.evearly.news\/fr\/wp-json\/wp\/v2\/posts"}],"about":[{"href":"https:\/\/www.evearly.news\/fr\/wp-json\/wp\/v2\/types\/post"}],"author":[{"embeddable":true,"href":"https:\/\/www.evearly.news\/fr\/wp-json\/wp\/v2\/users\/3"}],"replies":[{"embeddable":true,"href":"https:\/\/www.evearly.news\/fr\/wp-json\/wp\/v2\/comments?post=315477"}],"version-history":[{"count":0,"href":"https:\/\/www.evearly.news\/fr\/wp-json\/wp\/v2\/posts\/315477\/revisions"}],"wp:featuredmedia":[{"embeddable":true,"href":"https:\/\/www.evearly.news\/fr\/wp-json\/wp\/v2\/media\/315478"}],"wp:attachment":[{"href":"https:\/\/www.evearly.news\/fr\/wp-json\/wp\/v2\/media?parent=315477"}],"wp:term":[{"taxonomy":"category","embeddable":true,"href":"https:\/\/www.evearly.news\/fr\/wp-json\/wp\/v2\/categories?post=315477"},{"taxonomy":"post_tag","embeddable":true,"href":"https:\/\/www.evearly.news\/fr\/wp-json\/wp\/v2\/tags?post=315477"}],"curies":[{"name":"wp","href":"https:\/\/api.w.org\/{rel}","templated":true}]}}