{"id":315487,"date":"2026-01-16T15:23:59","date_gmt":"2026-01-16T14:23:59","guid":{"rendered":"https:\/\/www.evearly.news\/fr\/opel-manta-electrique-lidee-nest-pas-abandonnee\/"},"modified":"2026-01-16T15:23:59","modified_gmt":"2026-01-16T14:23:59","slug":"opel-manta-electrique-lidee-nest-pas-abandonnee","status":"publish","type":"post","link":"https:\/\/www.evearly.news\/fr\/opel-manta-electrique-lidee-nest-pas-abandonnee\/","title":{"rendered":"Opel Manta \u00e9lectrique : l\u2019id\u00e9e n\u2019est pas abandonn\u00e9e"},"content":{"rendered":"<p><img loading=\"lazy\" decoding=\"async\" width=\"500\" height=\"333\" src=\"https:\/\/www.evearly.news\/fr\/wp-content\/uploads\/sites\/6\/2026\/01\/opel-manta-electrique-lidee-nest-pas-abandonnee.jpg\" class=\"attachment-1200x800 size-1200x800 wp-post-image\" alt=\"\" srcset=\"https:\/\/www.evearly.news\/fr\/wp-content\/uploads\/sites\/6\/2026\/01\/opel-manta-electrique-lidee-nest-pas-abandonnee.jpg 2000w, https:\/\/www.evearly.news\/fr\/wp-content\/uploads\/sites\/6\/2026\/01\/opel-manta-electrique-lidee-nest-pas-abandonnee-1.jpg 1200w, https:\/\/www.evearly.news\/fr\/wp-content\/uploads\/sites\/6\/2026\/01\/opel-manta-electrique-lidee-nest-pas-abandonnee-2.jpg 1024w, https:\/\/www.evearly.news\/fr\/wp-content\/uploads\/sites\/6\/2026\/01\/opel-manta-electrique-lidee-nest-pas-abandonnee-3.jpg 768w, https:\/\/www.evearly.news\/fr\/wp-content\/uploads\/sites\/6\/2026\/01\/opel-manta-electrique-lidee-nest-pas-abandonnee-4.jpg 1536w, https:\/\/cdn.automobile-propre.com\/uploads\/2023\/08\/IMG_9277-551x413.jpg 551w\" sizes=\"auto, (max-width: 1067px) 100vw, 1067px\" \/><br \/>\n\u00c0 l&rsquo;instar de Ford avec la Capri, Opel voulait ressusciter le nom de Manta pour un crossover \u00e9lectrique. Le projet est toujours d&rsquo;actualit\u00e9, mais il a \u00e9t\u00e9 s\u00e9rieusement retard\u00e9.\u00a0<a href=https:\/\/www.automobile-propre.com\/breves\/opel-manta-electrique-lidee-nest-pas-abandonnee\/ target='bwindow'>Lire la suite&#8230;<\/a><\/p>\n","protected":false},"excerpt":{"rendered":"<p>&#8230; <a class=\"continue-reading-link\" href=\"https:\/\/www.evearly.news\/fr\/opel-manta-electrique-lidee-nest-pas-abandonnee\/\"><\/a><\/p>\n","protected":false},"author":8,"featured_media":315488,"comment_status":"closed","ping_status":"open","sticky":false,"template":"Default","format":"standard","meta":{"footnotes":""},"categories":[8],"tags":[],"class_list":["post-315487","post","type-post","status-publish","format-standard","has-post-thumbnail","hentry","category-automobile-propre"],"_links":{"self":[{"href":"https:\/\/www.evearly.news\/fr\/wp-json\/wp\/v2\/posts\/315487","targetHints":{"allow":["GET"]}}],"collection":[{"href":"https:\/\/www.evearly.news\/fr\/wp-json\/wp\/v2\/posts"}],"about":[{"href":"https:\/\/www.evearly.news\/fr\/wp-json\/wp\/v2\/types\/post"}],"author":[{"embeddable":true,"href":"https:\/\/www.evearly.news\/fr\/wp-json\/wp\/v2\/users\/8"}],"replies":[{"embeddable":true,"href":"https:\/\/www.evearly.news\/fr\/wp-json\/wp\/v2\/comments?post=315487"}],"version-history":[{"count":0,"href":"https:\/\/www.evearly.news\/fr\/wp-json\/wp\/v2\/posts\/315487\/revisions"}],"wp:featuredmedia":[{"embeddable":true,"href":"https:\/\/www.evearly.news\/fr\/wp-json\/wp\/v2\/media\/315488"}],"wp:attachment":[{"href":"https:\/\/www.evearly.news\/fr\/wp-json\/wp\/v2\/media?parent=315487"}],"wp:term":[{"taxonomy":"category","embeddable":true,"href":"https:\/\/www.evearly.news\/fr\/wp-json\/wp\/v2\/categories?post=315487"},{"taxonomy":"post_tag","embeddable":true,"href":"https:\/\/www.evearly.news\/fr\/wp-json\/wp\/v2\/tags?post=315487"}],"curies":[{"name":"wp","href":"https:\/\/api.w.org\/{rel}","templated":true}]}}