{"id":315491,"date":"2026-01-16T16:50:03","date_gmt":"2026-01-16T15:50:03","guid":{"rendered":"https:\/\/www.evearly.news\/fr\/daf-ajoute-les-xg-et-xg-a-sa-gamme-de-camions-electriques\/"},"modified":"2026-01-16T16:50:03","modified_gmt":"2026-01-16T15:50:03","slug":"daf-ajoute-les-xg-et-xg-a-sa-gamme-de-camions-electriques","status":"publish","type":"post","link":"https:\/\/www.evearly.news\/fr\/daf-ajoute-les-xg-et-xg-a-sa-gamme-de-camions-electriques\/","title":{"rendered":"DAF ajoute les XG et XG+ \u00e0 sa gamme de camions \u00e9lectriques"},"content":{"rendered":"<p><img width=\"1000\" height=\"563\" src=\"https:\/\/www.evearly.news\/fr\/wp-content\/uploads\/sites\/6\/2026\/01\/daf-ajoute-les-xg-et-xg-a-sa-gamme-de-camions-electriques.jpg\" class=\"attachment-post-thumbnail size-post-thumbnail wp-post-image\" alt=\"Camions DAF \u00e9lectriques XG et XG+\" decoding=\"async\" fetchpriority=\"high\" srcset=\"https:\/\/www.evearly.news\/fr\/wp-content\/uploads\/sites\/6\/2026\/01\/daf-ajoute-les-xg-et-xg-a-sa-gamme-de-camions-electriques.jpg 1000w, https:\/\/www.evearly.news\/fr\/wp-content\/uploads\/sites\/6\/2026\/01\/daf-ajoute-les-xg-et-xg-a-sa-gamme-de-camions-electriques-1.jpg 300w, https:\/\/www.evearly.news\/fr\/wp-content\/uploads\/sites\/6\/2026\/01\/daf-ajoute-les-xg-et-xg-a-sa-gamme-de-camions-electriques-2.jpg 998w, https:\/\/www.avem.fr\/wp-content\/uploads\/2026\/01\/ACTG0116_CamionDafXG-768x432.jpg 768w\" sizes=\"(max-width: 1000px) 100vw, 1000px\" \/>Avec ses mod\u00e8les XB, XD et XF, DAF proposait d\u00e9j\u00e0 une gamme de camions \u00e9lectriques allant du porteur 12 tonnes \u00e0 des tracteurs routiers capables de d\u00e9j\u00e0 sortir des tourn\u00e9es r\u00e9gionales. Les XG et XG+ permettent d\u00e9sormais de parcourir jusqu\u2019\u00e0 1 000 km dans la journ\u00e9e, en comprenant les recharges [\u2026] <a href=https:\/\/www.avem.fr\/2026\/01\/16\/daf-ajoute-les-xg-et-xg-a-sa-gamme-de-camions-electriques\/ target=blank>Lire la suite&#8230;<\/a><\/p>\n","protected":false},"excerpt":{"rendered":"<p><img loading=\"lazy\" decoding=\"async\" width=\"1000\" height=\"563\" src=\"https:\/\/www.evearly.news\/fr\/wp-content\/uploads\/sites\/6\/2026\/01\/daf-ajoute-les-xg-et-xg-a-sa-gamme-de-camions-electriques.jpg\" class=\"attachment-post-thumbnail size-post-thumbnail wp-post-image\" alt=\"Camions DAF \u00e9lectriques XG et XG+\" \/>Avec ses mod\u00e8les XB, XD et XF, DAF proposait d\u00e9j\u00e0 une gamme de camions \u00e9lectriques allant du porteur 12 tonnes \u00e0 des tracteurs routiers capables de d\u00e9j\u00e0 sortir des tourn\u00e9es r\u00e9gionales. Les XG et XG+ permettent d\u00e9sormais de parcourir jusqu\u2019\u00e0 1 000 km dans la journ\u00e9e, en comprenant les recharges [\u2026] <a class=\"continue-reading-link\" href=\"https:\/\/www.evearly.news\/fr\/daf-ajoute-les-xg-et-xg-a-sa-gamme-de-camions-electriques\/\"><\/a><\/p>\n","protected":false},"author":3,"featured_media":315492,"comment_status":"closed","ping_status":"open","sticky":false,"template":"Default","format":"standard","meta":{"footnotes":""},"categories":[3],"tags":[],"class_list":["post-315491","post","type-post","status-publish","format-standard","has-post-thumbnail","hentry","category-avem"],"_links":{"self":[{"href":"https:\/\/www.evearly.news\/fr\/wp-json\/wp\/v2\/posts\/315491","targetHints":{"allow":["GET"]}}],"collection":[{"href":"https:\/\/www.evearly.news\/fr\/wp-json\/wp\/v2\/posts"}],"about":[{"href":"https:\/\/www.evearly.news\/fr\/wp-json\/wp\/v2\/types\/post"}],"author":[{"embeddable":true,"href":"https:\/\/www.evearly.news\/fr\/wp-json\/wp\/v2\/users\/3"}],"replies":[{"embeddable":true,"href":"https:\/\/www.evearly.news\/fr\/wp-json\/wp\/v2\/comments?post=315491"}],"version-history":[{"count":0,"href":"https:\/\/www.evearly.news\/fr\/wp-json\/wp\/v2\/posts\/315491\/revisions"}],"wp:featuredmedia":[{"embeddable":true,"href":"https:\/\/www.evearly.news\/fr\/wp-json\/wp\/v2\/media\/315492"}],"wp:attachment":[{"href":"https:\/\/www.evearly.news\/fr\/wp-json\/wp\/v2\/media?parent=315491"}],"wp:term":[{"taxonomy":"category","embeddable":true,"href":"https:\/\/www.evearly.news\/fr\/wp-json\/wp\/v2\/categories?post=315491"},{"taxonomy":"post_tag","embeddable":true,"href":"https:\/\/www.evearly.news\/fr\/wp-json\/wp\/v2\/tags?post=315491"}],"curies":[{"name":"wp","href":"https:\/\/api.w.org\/{rel}","templated":true}]}}