{"id":315495,"date":"2026-01-16T17:07:52","date_gmt":"2026-01-16T16:07:52","guid":{"rendered":"https:\/\/www.evearly.news\/fr\/chez-kia-volkswagen-ou-renault-les-petites-citadines-pas-chere-que-vous-aimiez-tant-sont-de-retour\/"},"modified":"2026-01-16T17:07:52","modified_gmt":"2026-01-16T16:07:52","slug":"chez-kia-volkswagen-ou-renault-les-petites-citadines-pas-chere-que-vous-aimiez-tant-sont-de-retour","status":"publish","type":"post","link":"https:\/\/www.evearly.news\/fr\/chez-kia-volkswagen-ou-renault-les-petites-citadines-pas-chere-que-vous-aimiez-tant-sont-de-retour\/","title":{"rendered":"Chez Kia, Volkswagen ou Renault, les petites citadines pas ch\u00e8re que vous aimiez tant sont de retour"},"content":{"rendered":"<div class=\"media_block\"><img decoding=\"async\" src=\"https:\/\/www.evearly.news\/fr\/wp-content\/uploads\/sites\/6\/2026\/01\/chez-kia-volkswagen-ou-renault-les-petites-citadines-pas-chere-que-vous-aimiez-tant-sont-de-retour.jpg\"><\/div>\n<p>Incontournable dans les ann\u00e9es 1990 et 2000, le segment A des petites citadines s\u2019est r\u00e9duit au fil du temps \u00e0 peau de chagrin. Aujourd\u2019hui, les candidates se comptent sur les doigts d\u2019une seule main. Mais avec l\u2019\u00e9lectrique cette d\u00e9sh\u00e9rence pour s\u2019achever notamment sous l\u2019impulsion de la Renault Twingo qui donne des id\u00e9es \u00e0 ses rivaux. Volkswagen ne s\u2019en cache pas le prototype ID.Every1 en t\u00e9moigne. Tandis que Kia cherche encore sa voie, mais b\u00e9n\u00e9ficie d\u00e9j\u00e0 d\u2019une solide base, celle de la Hyundai Inster. <a href=https:\/\/www.automobile-magazine.fr\/voitures-electriques\/article\/50731-chez-kia-volkswagen-ou-renault-les-petites-citadines-pas-chere-que-vous-aimiez-tant-sont-de-retour target='bwindow'>Lire la suite&#8230;<\/a><\/p>\n","protected":false},"excerpt":{"rendered":"<div class=\"media_block\"><img decoding=\"async\" src=\"https:\/\/www.evearly.news\/fr\/wp-content\/uploads\/sites\/6\/2026\/01\/chez-kia-volkswagen-ou-renault-les-petites-citadines-pas-chere-que-vous-aimiez-tant-sont-de-retour.jpg\"><\/div>\n<p> <a class=\"continue-reading-link\" href=\"https:\/\/www.evearly.news\/fr\/chez-kia-volkswagen-ou-renault-les-petites-citadines-pas-chere-que-vous-aimiez-tant-sont-de-retour\/\"><\/a><\/p>\n","protected":false},"author":7,"featured_media":315496,"comment_status":"closed","ping_status":"open","sticky":false,"template":"Default","format":"standard","meta":{"footnotes":""},"categories":[7],"tags":[],"class_list":["post-315495","post","type-post","status-publish","format-standard","has-post-thumbnail","hentry","category-automobile-magazine"],"_links":{"self":[{"href":"https:\/\/www.evearly.news\/fr\/wp-json\/wp\/v2\/posts\/315495","targetHints":{"allow":["GET"]}}],"collection":[{"href":"https:\/\/www.evearly.news\/fr\/wp-json\/wp\/v2\/posts"}],"about":[{"href":"https:\/\/www.evearly.news\/fr\/wp-json\/wp\/v2\/types\/post"}],"author":[{"embeddable":true,"href":"https:\/\/www.evearly.news\/fr\/wp-json\/wp\/v2\/users\/7"}],"replies":[{"embeddable":true,"href":"https:\/\/www.evearly.news\/fr\/wp-json\/wp\/v2\/comments?post=315495"}],"version-history":[{"count":0,"href":"https:\/\/www.evearly.news\/fr\/wp-json\/wp\/v2\/posts\/315495\/revisions"}],"wp:featuredmedia":[{"embeddable":true,"href":"https:\/\/www.evearly.news\/fr\/wp-json\/wp\/v2\/media\/315496"}],"wp:attachment":[{"href":"https:\/\/www.evearly.news\/fr\/wp-json\/wp\/v2\/media?parent=315495"}],"wp:term":[{"taxonomy":"category","embeddable":true,"href":"https:\/\/www.evearly.news\/fr\/wp-json\/wp\/v2\/categories?post=315495"},{"taxonomy":"post_tag","embeddable":true,"href":"https:\/\/www.evearly.news\/fr\/wp-json\/wp\/v2\/tags?post=315495"}],"curies":[{"name":"wp","href":"https:\/\/api.w.org\/{rel}","templated":true}]}}