{"id":315499,"date":"2026-01-16T17:53:30","date_gmt":"2026-01-16T16:53:30","guid":{"rendered":"https:\/\/www.evearly.news\/fr\/blocage-du-projet-retrofit-de-laurent-schmidt-voila-pourquoi-la-legislation-est-depassee\/"},"modified":"2026-01-16T17:53:30","modified_gmt":"2026-01-16T16:53:30","slug":"blocage-du-projet-retrofit-de-laurent-schmidt-voila-pourquoi-la-legislation-est-depassee","status":"publish","type":"post","link":"https:\/\/www.evearly.news\/fr\/blocage-du-projet-retrofit-de-laurent-schmidt-voila-pourquoi-la-legislation-est-depassee\/","title":{"rendered":"Blocage du projet r\u00e9trofit de Laurent Schmidt : voil\u00e0 pourquoi la l\u00e9gislation est d\u00e9pass\u00e9e"},"content":{"rendered":"<p><img decoding=\"async\" width=\"500\" height=\"333\" src=\"https:\/\/www.evearly.news\/fr\/wp-content\/uploads\/sites\/6\/2026\/01\/blocage-du-projet-retrofit-de-laurent-schmidt-voila-pourquoi-la-legislation-est-depassee.jpg\" class=\"attachment-1200x800 size-1200x800 wp-post-image\" alt=\"Visuel r\u00e9alis\u00e9 par Laurent Schmidt pour illustrer son r\u00eave de r\u00e9trofiter un Renault Avantime\" loading=\"lazy\" srcset=\"https:\/\/www.evearly.news\/fr\/wp-content\/uploads\/sites\/6\/2026\/01\/blocage-du-projet-retrofit-de-laurent-schmidt-voila-pourquoi-la-legislation-est-depassee.jpg 1200w, https:\/\/www.evearly.news\/fr\/wp-content\/uploads\/sites\/6\/2026\/01\/blocage-du-projet-retrofit-de-laurent-schmidt-voila-pourquoi-la-legislation-est-depassee-1.jpg 1024w, https:\/\/www.evearly.news\/fr\/wp-content\/uploads\/sites\/6\/2026\/01\/blocage-du-projet-retrofit-de-laurent-schmidt-voila-pourquoi-la-legislation-est-depassee-2.jpg 140w, https:\/\/www.evearly.news\/fr\/wp-content\/uploads\/sites\/6\/2026\/01\/blocage-du-projet-retrofit-de-laurent-schmidt-voila-pourquoi-la-legislation-est-depassee-3.jpg 768w, https:\/\/www.evearly.news\/fr\/wp-content\/uploads\/sites\/6\/2026\/01\/blocage-du-projet-retrofit-de-laurent-schmidt-voila-pourquoi-la-legislation-est-depassee-4.jpg 700w, https:\/\/www.evearly.news\/fr\/wp-content\/uploads\/sites\/6\/2026\/01\/blocage-du-projet-retrofit-de-laurent-schmidt-voila-pourquoi-la-legislation-est-depassee-5.jpg 960w, https:\/\/cdn.automobile-propre.com\/uploads\/2026\/01\/APG0114_RetrofitLS-100x66.jpg 100w\" sizes=\"auto, (max-width: 1200px) 100vw, 1200px\" \/><br \/>\nQuand l\u2019association AIRe a \u00e9t\u00e9 cr\u00e9\u00e9e il y a 7 ans pour que le r\u00e9trofit soit facilit\u00e9 en France, on\u2026\u00a0<a href=https:\/\/www.automobile-propre.com\/articles\/blocage-du-projet-retrofit-de-laurent-schmidt-voila-pourquoi-la-legislation-est-depassee\/ target='bwindow'>Lire la suite&#8230;<\/a><\/p>\n","protected":false},"excerpt":{"rendered":"<p>&#8230; <a class=\"continue-reading-link\" href=\"https:\/\/www.evearly.news\/fr\/blocage-du-projet-retrofit-de-laurent-schmidt-voila-pourquoi-la-legislation-est-depassee\/\"><\/a><\/p>\n","protected":false},"author":8,"featured_media":315500,"comment_status":"closed","ping_status":"open","sticky":false,"template":"Default","format":"standard","meta":{"footnotes":""},"categories":[8],"tags":[],"class_list":["post-315499","post","type-post","status-publish","format-standard","has-post-thumbnail","hentry","category-automobile-propre"],"_links":{"self":[{"href":"https:\/\/www.evearly.news\/fr\/wp-json\/wp\/v2\/posts\/315499","targetHints":{"allow":["GET"]}}],"collection":[{"href":"https:\/\/www.evearly.news\/fr\/wp-json\/wp\/v2\/posts"}],"about":[{"href":"https:\/\/www.evearly.news\/fr\/wp-json\/wp\/v2\/types\/post"}],"author":[{"embeddable":true,"href":"https:\/\/www.evearly.news\/fr\/wp-json\/wp\/v2\/users\/8"}],"replies":[{"embeddable":true,"href":"https:\/\/www.evearly.news\/fr\/wp-json\/wp\/v2\/comments?post=315499"}],"version-history":[{"count":0,"href":"https:\/\/www.evearly.news\/fr\/wp-json\/wp\/v2\/posts\/315499\/revisions"}],"wp:featuredmedia":[{"embeddable":true,"href":"https:\/\/www.evearly.news\/fr\/wp-json\/wp\/v2\/media\/315500"}],"wp:attachment":[{"href":"https:\/\/www.evearly.news\/fr\/wp-json\/wp\/v2\/media?parent=315499"}],"wp:term":[{"taxonomy":"category","embeddable":true,"href":"https:\/\/www.evearly.news\/fr\/wp-json\/wp\/v2\/categories?post=315499"},{"taxonomy":"post_tag","embeddable":true,"href":"https:\/\/www.evearly.news\/fr\/wp-json\/wp\/v2\/tags?post=315499"}],"curies":[{"name":"wp","href":"https:\/\/api.w.org\/{rel}","templated":true}]}}