{"id":315509,"date":"2026-01-16T19:50:03","date_gmt":"2026-01-16T18:50:03","guid":{"rendered":"https:\/\/www.evearly.news\/fr\/la-ds-3-soffre-une-serie-speciale-hivernale-pallas-cristal\/"},"modified":"2026-01-16T19:50:03","modified_gmt":"2026-01-16T18:50:03","slug":"la-ds-3-soffre-une-serie-speciale-hivernale-pallas-cristal","status":"publish","type":"post","link":"https:\/\/www.evearly.news\/fr\/la-ds-3-soffre-une-serie-speciale-hivernale-pallas-cristal\/","title":{"rendered":"La DS 3 s\u2019offre une s\u00e9rie sp\u00e9ciale hivernale Pallas Cristal"},"content":{"rendered":"<p><img decoding=\"async\" src=\"https:\/\/www.evearly.news\/fr\/wp-content\/uploads\/sites\/6\/2026\/01\/la-ds-3-soffre-une-serie-speciale-hivernale-pallas-cristal.webp\" alt=\"auto-moto\"><br \/>DS offre \u00e0 sa DS 3 une s\u00e9rie sp\u00e9ciale Pallas Cristal tr\u00e8s hivernale. D\u00e9tails esth\u00e9tiques exclusifs, \u00e9quipement enrichi pour plus de confort, versions thermique et \u00e9lectrique\u2026 mais \u00e0 quel prix ? <a href=https:\/\/www.auto-moto.com\/suv\/ds-3-pallas-cristal-68303 target=blank>Lire la suite&#8230;<\/a><\/p>\n","protected":false},"excerpt":{"rendered":"<p>DS offre \u00e0 sa DS 3 une s\u00e9rie sp\u00e9ciale Pallas Cristal tr\u00e8s hivernale. D\u00e9tails esth\u00e9tiques exclusifs, \u00e9quipement enrichi pour plus de confort, versions thermique et \u00e9lectrique\u2026 mais \u00e0 quel prix ?&#8230; <a class=\"continue-reading-link\" href=\"https:\/\/www.evearly.news\/fr\/la-ds-3-soffre-une-serie-speciale-hivernale-pallas-cristal\/\"><\/a><\/p>\n","protected":false},"author":9,"featured_media":315510,"comment_status":"closed","ping_status":"open","sticky":false,"template":"Default","format":"standard","meta":{"footnotes":""},"categories":[10],"tags":[],"class_list":["post-315509","post","type-post","status-publish","format-standard","has-post-thumbnail","hentry","category-auto-moto-com"],"_links":{"self":[{"href":"https:\/\/www.evearly.news\/fr\/wp-json\/wp\/v2\/posts\/315509","targetHints":{"allow":["GET"]}}],"collection":[{"href":"https:\/\/www.evearly.news\/fr\/wp-json\/wp\/v2\/posts"}],"about":[{"href":"https:\/\/www.evearly.news\/fr\/wp-json\/wp\/v2\/types\/post"}],"author":[{"embeddable":true,"href":"https:\/\/www.evearly.news\/fr\/wp-json\/wp\/v2\/users\/9"}],"replies":[{"embeddable":true,"href":"https:\/\/www.evearly.news\/fr\/wp-json\/wp\/v2\/comments?post=315509"}],"version-history":[{"count":0,"href":"https:\/\/www.evearly.news\/fr\/wp-json\/wp\/v2\/posts\/315509\/revisions"}],"wp:featuredmedia":[{"embeddable":true,"href":"https:\/\/www.evearly.news\/fr\/wp-json\/wp\/v2\/media\/315510"}],"wp:attachment":[{"href":"https:\/\/www.evearly.news\/fr\/wp-json\/wp\/v2\/media?parent=315509"}],"wp:term":[{"taxonomy":"category","embeddable":true,"href":"https:\/\/www.evearly.news\/fr\/wp-json\/wp\/v2\/categories?post=315509"},{"taxonomy":"post_tag","embeddable":true,"href":"https:\/\/www.evearly.news\/fr\/wp-json\/wp\/v2\/tags?post=315509"}],"curies":[{"name":"wp","href":"https:\/\/api.w.org\/{rel}","templated":true}]}}