{"id":315552,"date":"2026-01-18T16:04:34","date_gmt":"2026-01-18T15:04:34","guid":{"rendered":"https:\/\/www.evearly.news\/fr\/il-manque-quelque-chose-en-dessous-de-la-c3-on-a-discute-avec-le-patron-de-citroen-de-ses-projets-de-voitures-electriques-ultra-abordables\/"},"modified":"2026-01-18T16:04:34","modified_gmt":"2026-01-18T15:04:34","slug":"il-manque-quelque-chose-en-dessous-de-la-c3-on-a-discute-avec-le-patron-de-citroen-de-ses-projets-de-voitures-electriques-ultra-abordables","status":"publish","type":"post","link":"https:\/\/www.evearly.news\/fr\/il-manque-quelque-chose-en-dessous-de-la-c3-on-a-discute-avec-le-patron-de-citroen-de-ses-projets-de-voitures-electriques-ultra-abordables\/","title":{"rendered":"\u00ab Il manque quelque chose en dessous de la C3 \u00bb : on a discut\u00e9 avec le patron de Citro\u00ebn de ses projets de voitures \u00e9lectriques ultra-abordables"},"content":{"rendered":"<p><img width=\"1200\" height=\"675\" src=\"https:\/\/www.evearly.news\/fr\/wp-content\/uploads\/sites\/6\/2026\/01\/il-manque-quelque-chose-en-dessous-de-la-c3-on-a-discute-avec-le-patron-de-citroen-de-ses-projets-de-voitures-electriques-ultra-abordables.jpg\" class=\"attachment-full size-full wp-post-image\" alt=\"\" decoding=\"async\" loading=\"lazy\" \/<br \/>\nOutre l&rsquo;abandon du \u00ab tout-\u00e9lectrique \u00bb en 2035, la Commission europ\u00e9enne a ouvert la voie \u00e0 une nouvelle cat\u00e9gorie de voitures \u00e9lectriques bien plus abordables qu&rsquo;aujourd&rsquo;hui. Un march\u00e9 qui int\u00e9resse fortement Citro\u00ebn, comme nous l&rsquo;a confirm\u00e9 son nouveau PDG, Xavier Chardon, lors d&rsquo;un entretien.<br \/>\n <a href=https:\/\/www.frandroid.com\/marques\/citroen\/2944107_il-manque-quelque-chose-en-dessous-de-la-c3-on-a-discute-avec-le-patron-de-citroen-de-ses-projets-de-voitures-electriques-ultra-abordables target='blank'>Lire la suite&#8230;<\/a><\/p>\n","protected":false},"excerpt":{"rendered":"<p>&lt;img width=&quot;1200&quot; height=&quot;675&quot; src=&quot;https:\/\/www.evearly.news\/fr\/wp-content\/uploads\/sites\/6\/2026\/01\/il-manque-quelque-chose-en-dessous-de-la-c3-on-a-discute-avec-le-patron-de-citroen-de-ses-projets-de-voitures-electriques-ultra-abordables.jpg&quot; class=&quot;attachment-full size-full wp-post-image&quot; alt=&quot;&quot; decoding=&quot;async&quot; loading=&quot;lazy&quot; \/<br \/>\nOutre l&rsquo;abandon du \u00ab tout-\u00e9lectrique \u00bb en 2035, la Commission europ\u00e9enne a ouvert la voie \u00e0 une nouvelle cat\u00e9gorie de voitures \u00e9lectriques bien plus abordables qu&rsquo;aujourd&rsquo;hui. Un march\u00e9 qui int\u00e9resse fortement Citro\u00ebn, comme nous l&rsquo;a confirm\u00e9 son nouveau PDG, Xavier Chardon, lors d&rsquo;un entretien.\n<\/p>\n<p> <a class=\"continue-reading-link\" href=\"https:\/\/www.evearly.news\/fr\/il-manque-quelque-chose-en-dessous-de-la-c3-on-a-discute-avec-le-patron-de-citroen-de-ses-projets-de-voitures-electriques-ultra-abordables\/\"><\/a><\/p>\n","protected":false},"author":6,"featured_media":315553,"comment_status":"closed","ping_status":"open","sticky":false,"template":"Default","format":"standard","meta":{"footnotes":""},"categories":[14],"tags":[],"class_list":["post-315552","post","type-post","status-publish","format-standard","has-post-thumbnail","hentry","category-frandroid"],"_links":{"self":[{"href":"https:\/\/www.evearly.news\/fr\/wp-json\/wp\/v2\/posts\/315552","targetHints":{"allow":["GET"]}}],"collection":[{"href":"https:\/\/www.evearly.news\/fr\/wp-json\/wp\/v2\/posts"}],"about":[{"href":"https:\/\/www.evearly.news\/fr\/wp-json\/wp\/v2\/types\/post"}],"author":[{"embeddable":true,"href":"https:\/\/www.evearly.news\/fr\/wp-json\/wp\/v2\/users\/6"}],"replies":[{"embeddable":true,"href":"https:\/\/www.evearly.news\/fr\/wp-json\/wp\/v2\/comments?post=315552"}],"version-history":[{"count":0,"href":"https:\/\/www.evearly.news\/fr\/wp-json\/wp\/v2\/posts\/315552\/revisions"}],"wp:featuredmedia":[{"embeddable":true,"href":"https:\/\/www.evearly.news\/fr\/wp-json\/wp\/v2\/media\/315553"}],"wp:attachment":[{"href":"https:\/\/www.evearly.news\/fr\/wp-json\/wp\/v2\/media?parent=315552"}],"wp:term":[{"taxonomy":"category","embeddable":true,"href":"https:\/\/www.evearly.news\/fr\/wp-json\/wp\/v2\/categories?post=315552"},{"taxonomy":"post_tag","embeddable":true,"href":"https:\/\/www.evearly.news\/fr\/wp-json\/wp\/v2\/tags?post=315552"}],"curies":[{"name":"wp","href":"https:\/\/api.w.org\/{rel}","templated":true}]}}