{"id":315554,"date":"2026-01-18T16:52:15","date_gmt":"2026-01-18T15:52:15","guid":{"rendered":"https:\/\/www.evearly.news\/fr\/usure-des-pneus-des-particules-retrouvees-dans-le-lac-dannecy-quels-risques-pour-la-sante\/"},"modified":"2026-01-18T16:52:15","modified_gmt":"2026-01-18T15:52:15","slug":"usure-des-pneus-des-particules-retrouvees-dans-le-lac-dannecy-quels-risques-pour-la-sante","status":"publish","type":"post","link":"https:\/\/www.evearly.news\/fr\/usure-des-pneus-des-particules-retrouvees-dans-le-lac-dannecy-quels-risques-pour-la-sante\/","title":{"rendered":"Usure des pneus : des particules retrouv\u00e9es dans le lac d\u2019Annecy, quels risques pour la sant\u00e9 ?"},"content":{"rendered":"<p><img decoding=\"async\" width=\"500\" height=\"333\" src=\"https:\/\/www.evearly.news\/fr\/wp-content\/uploads\/sites\/6\/2026\/01\/usure-des-pneus-des-particules-retrouvees-dans-le-lac-dannecy-quels-risques-pour-la-sante.webp\" class=\"attachment-1200x800 size-1200x800 wp-post-image\" alt=\"\" loading=\"lazy\" srcset=\"https:\/\/www.evearly.news\/fr\/wp-content\/uploads\/sites\/6\/2026\/01\/usure-des-pneus-des-particules-retrouvees-dans-le-lac-dannecy-quels-risques-pour-la-sante.webp 1280w, https:\/\/www.evearly.news\/fr\/wp-content\/uploads\/sites\/6\/2026\/01\/usure-des-pneus-des-particules-retrouvees-dans-le-lac-dannecy-quels-risques-pour-la-sante-1.webp 1024w, https:\/\/www.evearly.news\/fr\/wp-content\/uploads\/sites\/6\/2026\/01\/usure-des-pneus-des-particules-retrouvees-dans-le-lac-dannecy-quels-risques-pour-la-sante-2.webp 140w, https:\/\/www.evearly.news\/fr\/wp-content\/uploads\/sites\/6\/2026\/01\/usure-des-pneus-des-particules-retrouvees-dans-le-lac-dannecy-quels-risques-pour-la-sante-3.webp 768w, https:\/\/www.evearly.news\/fr\/wp-content\/uploads\/sites\/6\/2026\/01\/usure-des-pneus-des-particules-retrouvees-dans-le-lac-dannecy-quels-risques-pour-la-sante-4.webp 700w, https:\/\/www.evearly.news\/fr\/wp-content\/uploads\/sites\/6\/2026\/01\/usure-des-pneus-des-particules-retrouvees-dans-le-lac-dannecy-quels-risques-pour-la-sante-5.webp 960w, https:\/\/cdn.automobile-propre.com\/uploads\/2026\/01\/Volvo-EX30-Cross-Country-71-100x66.webp 100w\" sizes=\"auto, (max-width: 1200px) 100vw, 1200px\" \/><br \/>\nLa pollution caus\u00e9e par l&rsquo;usure des pneus est un v\u00e9ritable fl\u00e9au. On le savait gr\u00e2ce aux diff\u00e9rentes \u00e9tudes publi\u00e9es sur\u2026\u00a0<a href=https:\/\/www.automobile-propre.com\/articles\/usure-des-pneus-des-particules-retrouvees-dans-le-lac-dannecy-quels-risques-pour-la-sante\/ target='bwindow'>Lire la suite&#8230;<\/a><\/p>\n","protected":false},"excerpt":{"rendered":"<p>&#8230; <a class=\"continue-reading-link\" href=\"https:\/\/www.evearly.news\/fr\/usure-des-pneus-des-particules-retrouvees-dans-le-lac-dannecy-quels-risques-pour-la-sante\/\"><\/a><\/p>\n","protected":false},"author":8,"featured_media":315555,"comment_status":"closed","ping_status":"open","sticky":false,"template":"Default","format":"standard","meta":{"footnotes":""},"categories":[8],"tags":[],"class_list":["post-315554","post","type-post","status-publish","format-standard","has-post-thumbnail","hentry","category-automobile-propre"],"_links":{"self":[{"href":"https:\/\/www.evearly.news\/fr\/wp-json\/wp\/v2\/posts\/315554","targetHints":{"allow":["GET"]}}],"collection":[{"href":"https:\/\/www.evearly.news\/fr\/wp-json\/wp\/v2\/posts"}],"about":[{"href":"https:\/\/www.evearly.news\/fr\/wp-json\/wp\/v2\/types\/post"}],"author":[{"embeddable":true,"href":"https:\/\/www.evearly.news\/fr\/wp-json\/wp\/v2\/users\/8"}],"replies":[{"embeddable":true,"href":"https:\/\/www.evearly.news\/fr\/wp-json\/wp\/v2\/comments?post=315554"}],"version-history":[{"count":0,"href":"https:\/\/www.evearly.news\/fr\/wp-json\/wp\/v2\/posts\/315554\/revisions"}],"wp:featuredmedia":[{"embeddable":true,"href":"https:\/\/www.evearly.news\/fr\/wp-json\/wp\/v2\/media\/315555"}],"wp:attachment":[{"href":"https:\/\/www.evearly.news\/fr\/wp-json\/wp\/v2\/media?parent=315554"}],"wp:term":[{"taxonomy":"category","embeddable":true,"href":"https:\/\/www.evearly.news\/fr\/wp-json\/wp\/v2\/categories?post=315554"},{"taxonomy":"post_tag","embeddable":true,"href":"https:\/\/www.evearly.news\/fr\/wp-json\/wp\/v2\/tags?post=315554"}],"curies":[{"name":"wp","href":"https:\/\/api.w.org\/{rel}","templated":true}]}}