{"id":315558,"date":"2026-01-18T19:53:03","date_gmt":"2026-01-18T18:53:03","guid":{"rendered":"https:\/\/www.evearly.news\/fr\/tres-ambitieuses-ces-marques-de-voitures-electriques-restent-a-des-niveaux-de-ventes-ridicules\/"},"modified":"2026-01-18T19:53:03","modified_gmt":"2026-01-18T18:53:03","slug":"tres-ambitieuses-ces-marques-de-voitures-electriques-restent-a-des-niveaux-de-ventes-ridicules","status":"publish","type":"post","link":"https:\/\/www.evearly.news\/fr\/tres-ambitieuses-ces-marques-de-voitures-electriques-restent-a-des-niveaux-de-ventes-ridicules\/","title":{"rendered":"Tr\u00e8s ambitieuses, ces marques de voitures \u00e9lectriques restent \u00e0 des niveaux de ventes ridicules"},"content":{"rendered":"<p><img decoding=\"async\" width=\"500\" height=\"333\" src=\"https:\/\/www.evearly.news\/fr\/wp-content\/uploads\/sites\/6\/2026\/01\/tres-ambitieuses-ces-marques-de-voitures-electriques-restent-a-des-niveaux-de-ventes-ridicules.jpg\" class=\"attachment-1200x800 size-1200x800 wp-post-image\" alt=\"\" loading=\"lazy\" srcset=\"https:\/\/www.evearly.news\/fr\/wp-content\/uploads\/sites\/6\/2026\/01\/tres-ambitieuses-ces-marques-de-voitures-electriques-restent-a-des-niveaux-de-ventes-ridicules.jpg 1440w, https:\/\/www.evearly.news\/fr\/wp-content\/uploads\/sites\/6\/2026\/01\/tres-ambitieuses-ces-marques-de-voitures-electriques-restent-a-des-niveaux-de-ventes-ridicules-1.jpg 1024w, https:\/\/www.evearly.news\/fr\/wp-content\/uploads\/sites\/6\/2026\/01\/tres-ambitieuses-ces-marques-de-voitures-electriques-restent-a-des-niveaux-de-ventes-ridicules-2.jpg 140w, https:\/\/www.evearly.news\/fr\/wp-content\/uploads\/sites\/6\/2026\/01\/tres-ambitieuses-ces-marques-de-voitures-electriques-restent-a-des-niveaux-de-ventes-ridicules-3.jpg 768w, https:\/\/www.evearly.news\/fr\/wp-content\/uploads\/sites\/6\/2026\/01\/tres-ambitieuses-ces-marques-de-voitures-electriques-restent-a-des-niveaux-de-ventes-ridicules-4.jpg 620w, https:\/\/www.evearly.news\/fr\/wp-content\/uploads\/sites\/6\/2026\/01\/tres-ambitieuses-ces-marques-de-voitures-electriques-restent-a-des-niveaux-de-ventes-ridicules-5.jpg 100w, https:\/\/cdn.automobile-propre.com\/uploads\/2025\/01\/lucid-gravity-recharge-1-190x126.jpg 190w\" sizes=\"auto, (max-width: 1200px) 100vw, 1200px\" \/><br \/>\nSur un march\u00e9 \u00e9tasunien du v\u00e9hicule \u00e9lectrique en crise, Rivian et Lucid publient des chiffres de ventes oppos\u00e9s. En baisse\u2026\u00a0<a href=https:\/\/www.automobile-propre.com\/articles\/tres-ambitieuses-ces-marques-de-voitures-electriques-restent-a-des-niveaux-de-ventes-ridicules\/ target='bwindow'>Lire la suite&#8230;<\/a><\/p>\n","protected":false},"excerpt":{"rendered":"<p>&#8230; <a class=\"continue-reading-link\" href=\"https:\/\/www.evearly.news\/fr\/tres-ambitieuses-ces-marques-de-voitures-electriques-restent-a-des-niveaux-de-ventes-ridicules\/\"><\/a><\/p>\n","protected":false},"author":8,"featured_media":315559,"comment_status":"closed","ping_status":"open","sticky":false,"template":"Default","format":"standard","meta":{"footnotes":""},"categories":[8],"tags":[],"class_list":["post-315558","post","type-post","status-publish","format-standard","has-post-thumbnail","hentry","category-automobile-propre"],"_links":{"self":[{"href":"https:\/\/www.evearly.news\/fr\/wp-json\/wp\/v2\/posts\/315558","targetHints":{"allow":["GET"]}}],"collection":[{"href":"https:\/\/www.evearly.news\/fr\/wp-json\/wp\/v2\/posts"}],"about":[{"href":"https:\/\/www.evearly.news\/fr\/wp-json\/wp\/v2\/types\/post"}],"author":[{"embeddable":true,"href":"https:\/\/www.evearly.news\/fr\/wp-json\/wp\/v2\/users\/8"}],"replies":[{"embeddable":true,"href":"https:\/\/www.evearly.news\/fr\/wp-json\/wp\/v2\/comments?post=315558"}],"version-history":[{"count":0,"href":"https:\/\/www.evearly.news\/fr\/wp-json\/wp\/v2\/posts\/315558\/revisions"}],"wp:featuredmedia":[{"embeddable":true,"href":"https:\/\/www.evearly.news\/fr\/wp-json\/wp\/v2\/media\/315559"}],"wp:attachment":[{"href":"https:\/\/www.evearly.news\/fr\/wp-json\/wp\/v2\/media?parent=315558"}],"wp:term":[{"taxonomy":"category","embeddable":true,"href":"https:\/\/www.evearly.news\/fr\/wp-json\/wp\/v2\/categories?post=315558"},{"taxonomy":"post_tag","embeddable":true,"href":"https:\/\/www.evearly.news\/fr\/wp-json\/wp\/v2\/tags?post=315558"}],"curies":[{"name":"wp","href":"https:\/\/api.w.org\/{rel}","templated":true}]}}