{"id":315566,"date":"2026-01-19T08:20:06","date_gmt":"2026-01-19T07:20:06","guid":{"rendered":"https:\/\/www.evearly.news\/fr\/vendu-partout-a-cote-de-la-france-ce-petit-suv-electrique-toyota-ne-va-sans-doute-jamais-venir-chez-nous\/"},"modified":"2026-01-19T08:20:06","modified_gmt":"2026-01-19T07:20:06","slug":"vendu-partout-a-cote-de-la-france-ce-petit-suv-electrique-toyota-ne-va-sans-doute-jamais-venir-chez-nous","status":"publish","type":"post","link":"https:\/\/www.evearly.news\/fr\/vendu-partout-a-cote-de-la-france-ce-petit-suv-electrique-toyota-ne-va-sans-doute-jamais-venir-chez-nous\/","title":{"rendered":"Vendu partout \u00e0 c\u00f4t\u00e9 de la France, ce petit SUV \u00e9lectrique Toyota ne va sans doute jamais venir chez nous"},"content":{"rendered":"<div class=\"media_block\"><img decoding=\"async\" src=\"https:\/\/www.evearly.news\/fr\/wp-content\/uploads\/sites\/6\/2026\/01\/vendu-partout-a-cote-de-la-france-ce-petit-suv-electrique-toyota-ne-va-sans-doute-jamais-venir-chez-nous.jpg\"><\/div>\n<p>La gamme de Toyota n&rsquo;est pas forc\u00e9ment la m\u00eame dans toute l&rsquo;Europe. Depuis quelques ann\u00e9es, la France se retrouve ainsi priv\u00e9e de la Corolla Cross, pourtant disponible dans tous les pays voisins. C&rsquo;est d\u00e9sormais le petit SUV \u00e9lectrique Urban Cruiser qui semble parti pour conna\u00eetre le m\u00eame destin. Alors qu&rsquo;il est d\u00e9j\u00e0 commercialis\u00e9 en Allemagne ou en Belgique, ce cousin du Suzuki e-Vitara se fait encore attendre dans l&rsquo;Hexagone\u2026 et pourrait m\u00eame ne jamais y arriver. Explications. <a href=https:\/\/www.automobile-magazine.fr\/voitures-electriques\/article\/50699-vendu-partout-a-cote-de-la-france-ce-petit-suv-electrique-toyota-ne-va-sans-doute-jamais-venir-chez-nous target='bwindow'>Lire la suite&#8230;<\/a><\/p>\n","protected":false},"excerpt":{"rendered":"<div class=\"media_block\"><img decoding=\"async\" src=\"https:\/\/www.evearly.news\/fr\/wp-content\/uploads\/sites\/6\/2026\/01\/vendu-partout-a-cote-de-la-france-ce-petit-suv-electrique-toyota-ne-va-sans-doute-jamais-venir-chez-nous.jpg\"><\/div>\n<p> <a class=\"continue-reading-link\" href=\"https:\/\/www.evearly.news\/fr\/vendu-partout-a-cote-de-la-france-ce-petit-suv-electrique-toyota-ne-va-sans-doute-jamais-venir-chez-nous\/\"><\/a><\/p>\n","protected":false},"author":7,"featured_media":315567,"comment_status":"closed","ping_status":"open","sticky":false,"template":"Default","format":"standard","meta":{"footnotes":""},"categories":[7],"tags":[],"class_list":["post-315566","post","type-post","status-publish","format-standard","has-post-thumbnail","hentry","category-automobile-magazine"],"_links":{"self":[{"href":"https:\/\/www.evearly.news\/fr\/wp-json\/wp\/v2\/posts\/315566","targetHints":{"allow":["GET"]}}],"collection":[{"href":"https:\/\/www.evearly.news\/fr\/wp-json\/wp\/v2\/posts"}],"about":[{"href":"https:\/\/www.evearly.news\/fr\/wp-json\/wp\/v2\/types\/post"}],"author":[{"embeddable":true,"href":"https:\/\/www.evearly.news\/fr\/wp-json\/wp\/v2\/users\/7"}],"replies":[{"embeddable":true,"href":"https:\/\/www.evearly.news\/fr\/wp-json\/wp\/v2\/comments?post=315566"}],"version-history":[{"count":0,"href":"https:\/\/www.evearly.news\/fr\/wp-json\/wp\/v2\/posts\/315566\/revisions"}],"wp:featuredmedia":[{"embeddable":true,"href":"https:\/\/www.evearly.news\/fr\/wp-json\/wp\/v2\/media\/315567"}],"wp:attachment":[{"href":"https:\/\/www.evearly.news\/fr\/wp-json\/wp\/v2\/media?parent=315566"}],"wp:term":[{"taxonomy":"category","embeddable":true,"href":"https:\/\/www.evearly.news\/fr\/wp-json\/wp\/v2\/categories?post=315566"},{"taxonomy":"post_tag","embeddable":true,"href":"https:\/\/www.evearly.news\/fr\/wp-json\/wp\/v2\/tags?post=315566"}],"curies":[{"name":"wp","href":"https:\/\/api.w.org\/{rel}","templated":true}]}}