{"id":315570,"date":"2026-01-19T10:15:53","date_gmt":"2026-01-19T09:15:53","guid":{"rendered":"https:\/\/www.evearly.news\/fr\/non-les-voitures-electriques-ne-roulent-pas-moins-que-les-thermiques-cette-etude-dit-tout-le-contraire\/"},"modified":"2026-01-19T10:15:53","modified_gmt":"2026-01-19T09:15:53","slug":"non-les-voitures-electriques-ne-roulent-pas-moins-que-les-thermiques-cette-etude-dit-tout-le-contraire","status":"publish","type":"post","link":"https:\/\/www.evearly.news\/fr\/non-les-voitures-electriques-ne-roulent-pas-moins-que-les-thermiques-cette-etude-dit-tout-le-contraire\/","title":{"rendered":"Non, les voitures \u00e9lectriques ne roulent pas moins que les thermiques : cette \u00e9tude dit tout le contraire"},"content":{"rendered":"<p><img loading=\"lazy\" width=\"1200\" height=\"675\" src=\"https:\/\/www.evearly.news\/fr\/wp-content\/uploads\/sites\/6\/2026\/01\/non-les-voitures-electriques-ne-roulent-pas-moins-que-les-thermiques-cette-etude-dit-tout-le-contraire.jpg\" class=\"attachment-full size-full wp-post-image\" alt=\"\" decoding=\"async\" \/<br \/>\nLes voitures \u00e9lectriques sont-elles nombreuses sur les routes d\u2019Europe\u00a0? C\u2019est la question \u00e0 laquelle l\u2019ACEA a r\u00e9pondu. Et il y a encore du travail, m\u00eame si ces derni\u00e8res roulent souvent plus que les voitures thermiques.<br \/>\n <a href=https:\/\/www.frandroid.com\/survoltes\/voitures-electriques\/2946799_non-les-voitures-electriques-ne-roulent-pas-moins-que-les-thermiques-cette-etude-dit-tout-le-contraire target='blank'>Lire la suite&#8230;<\/a><\/p>\n","protected":false},"excerpt":{"rendered":"<p>&lt;img width=&quot;1200&quot; height=&quot;675&quot; src=&quot;https:\/\/www.evearly.news\/fr\/wp-content\/uploads\/sites\/6\/2026\/01\/non-les-voitures-electriques-ne-roulent-pas-moins-que-les-thermiques-cette-etude-dit-tout-le-contraire.jpg&quot; class=&quot;attachment-full size-full wp-post-image&quot; alt=&quot;&quot; decoding=&quot;async&quot; \/<br \/>\nLes voitures \u00e9lectriques sont-elles nombreuses sur les routes d\u2019Europe\u00a0? C\u2019est la question \u00e0 laquelle l\u2019ACEA a r\u00e9pondu. Et il y a encore du travail, m\u00eame si ces derni\u00e8res roulent souvent plus que les voitures thermiques.\n<\/p>\n<p> <a class=\"continue-reading-link\" href=\"https:\/\/www.evearly.news\/fr\/non-les-voitures-electriques-ne-roulent-pas-moins-que-les-thermiques-cette-etude-dit-tout-le-contraire\/\"><\/a><\/p>\n","protected":false},"author":6,"featured_media":315571,"comment_status":"closed","ping_status":"open","sticky":false,"template":"Default","format":"standard","meta":{"footnotes":""},"categories":[14],"tags":[],"class_list":["post-315570","post","type-post","status-publish","format-standard","has-post-thumbnail","hentry","category-frandroid"],"_links":{"self":[{"href":"https:\/\/www.evearly.news\/fr\/wp-json\/wp\/v2\/posts\/315570","targetHints":{"allow":["GET"]}}],"collection":[{"href":"https:\/\/www.evearly.news\/fr\/wp-json\/wp\/v2\/posts"}],"about":[{"href":"https:\/\/www.evearly.news\/fr\/wp-json\/wp\/v2\/types\/post"}],"author":[{"embeddable":true,"href":"https:\/\/www.evearly.news\/fr\/wp-json\/wp\/v2\/users\/6"}],"replies":[{"embeddable":true,"href":"https:\/\/www.evearly.news\/fr\/wp-json\/wp\/v2\/comments?post=315570"}],"version-history":[{"count":0,"href":"https:\/\/www.evearly.news\/fr\/wp-json\/wp\/v2\/posts\/315570\/revisions"}],"wp:featuredmedia":[{"embeddable":true,"href":"https:\/\/www.evearly.news\/fr\/wp-json\/wp\/v2\/media\/315571"}],"wp:attachment":[{"href":"https:\/\/www.evearly.news\/fr\/wp-json\/wp\/v2\/media?parent=315570"}],"wp:term":[{"taxonomy":"category","embeddable":true,"href":"https:\/\/www.evearly.news\/fr\/wp-json\/wp\/v2\/categories?post=315570"},{"taxonomy":"post_tag","embeddable":true,"href":"https:\/\/www.evearly.news\/fr\/wp-json\/wp\/v2\/tags?post=315570"}],"curies":[{"name":"wp","href":"https:\/\/api.w.org\/{rel}","templated":true}]}}